{"id":617528,"date":"2025-12-23T08:58:11","date_gmt":"2025-12-23T08:58:11","guid":{"rendered":"https:\/\/www.europesays.com\/fr\/617528\/"},"modified":"2025-12-23T08:58:11","modified_gmt":"2025-12-23T08:58:11","slug":"elle-analyse-les-cahiers-de-doleances-des-gilets-jaunes-la-bordelaise-magali-della-sudda-obtient-la-medaille-de-la-mediation-scientifique","status":"publish","type":"post","link":"https:\/\/www.europesays.com\/fr\/617528\/","title":{"rendered":"Elle analyse les cahiers de dol\u00e9ances des gilets jaunes, la Bordelaise Magali Della Sudda obtient la m\u00e9daille de la m\u00e9diation scientifique"},"content":{"rendered":"<p>Les deux chercheuses sont distingu\u00e9es pour leur projet commun d\u2019analyse participative des cahiers de dol\u00e9ances n\u00e9s au c\u0153ur du mouvement des gilets jaunes, en 2018. D\u2019abord compil\u00e9s \u00e0 l\u2019initiative de l\u2019Association des maires de France, les cahiers de dol\u00e9ances ont ensuite \u00e9t\u00e9 vers\u00e9s au Grand d\u00e9bat national lanc\u00e9 par Emmanuel Macron au printemps\u00a02019. Plus de 225\u00a0000\u00a0dol\u00e9ances ont \u00e9t\u00e9 r\u00e9dig\u00e9es un peu partout en France.<\/p>\n<p>Enqu\u00eate participative<\/p>\n<p>C\u2019est ce mat\u00e9riau unique et pr\u00e9cieux que Magali Della Sudda et Manon Pengam ont choisi d\u2019explorer. La scientifique bordelaise est directrice de recherche au CNRS, membre du centre \u00c9mile-Durkheim (Science Po Bordeaux, Universit\u00e9 de Bordeaux). Son projet de recherche est directement inspir\u00e9 du terrain. En 2020, elle participe \u00e0 Science Po \u00e0 un d\u00e9bat sur l\u2019apport du mouvement des gilets jaunes aux r\u00e9flexions sur la d\u00e9mocratie, \u00e0 partir des exp\u00e9riences de d\u00e9mocratie participative n\u00e9es sur les ronds points.<\/p>\n<blockquote><p>La chercheuse note qu\u2019\u00e0 partir de l\u2019analyse des mots, \u00ab il est beaucoup question de salaires, de retraites, de \u2018\u2018ce qui nous reste pour vivre\u2019\u2019 \u00bb<\/p><\/blockquote>\n<p>En marge de cette s\u00e9ance, la chercheuse est abord\u00e9e par des gilets jaunes qui veulent consulter les dol\u00e9ances. Elle organise un d\u00e9placement aux Archives d\u00e9partementales, qui disposent d\u2019un fonds de 2\u00a0000\u00a0dol\u00e9ances, soit la moiti\u00e9 de ce qui a \u00e9t\u00e9 produit en Gironde et la seule partie consultable.<\/p>\n<p>De fil en aiguille se forge l\u2019id\u00e9e de r\u00e9aliser une enqu\u00eate participative, ouverte \u00e0 des citoyens int\u00e9ress\u00e9s, sur le contenu des cahiers de dol\u00e9ances. La m\u00e9thode s\u2019appuie sur des logiciels lexicom\u00e9triques faisant ressortir l\u2019occurrence de certains mots et la proximit\u00e9 des mots les uns par rapport aux autres dans des segments de texte. Magali Della Sudda pilote ce projet qui doit se poursuivre jusqu\u2019en 2029 et dont l\u2019originalit\u00e9 repose sur la participation de citoyens au d\u00e9cryptage des cahiers.<\/p>\n<p>Citoyennet\u00e9 et d\u00e9mocratie<\/p>\n<p>Le projet est soutenu par la Fondation de France et la R\u00e9gion Nouvelle-Aquitaine. Il se d\u00e9roule dans un contexte favorable aux r\u00e9flexions sur le mouvement des gilets jaunes. On se souvient en effet que, depuis 2022, le Conseil d\u00e9partemental de la Gironde finance une th\u00e8se de sciences politiques sur les cahiers de dol\u00e9ances, pr\u00e9par\u00e9e par Samuel Nogueira, avec Magali Della Sudda comme directrice de th\u00e8se.<\/p>\n","protected":false},"excerpt":{"rendered":"Les deux chercheuses sont distingu\u00e9es pour leur projet commun d\u2019analyse participative des cahiers de dol\u00e9ances n\u00e9s au c\u0153ur&hellip;\n","protected":false},"author":2,"featured_media":617529,"comment_status":"","ping_status":"","sticky":false,"template":"","format":"standard","meta":{"footnotes":""},"categories":[2817],"tags":[1111,11,1997,1777,674,1011,27,12,2219,25],"class_list":{"0":"post-617528","1":"post","2":"type-post","3":"status-publish","4":"format-standard","5":"has-post-thumbnail","7":"category-bordeaux","8":"tag-actu","9":"tag-actualites","10":"tag-bordeaux","11":"tag-eu","12":"tag-europe","13":"tag-fr","14":"tag-france","15":"tag-news","16":"tag-nouvelle-aquitaine","17":"tag-republique-francaise"},"share_on_mastodon":{"url":"https:\/\/pubeurope.com\/@fr\/115768059820356588","error":""},"_links":{"self":[{"href":"https:\/\/www.europesays.com\/fr\/wp-json\/wp\/v2\/posts\/617528","targetHints":{"allow":["GET"]}}],"collection":[{"href":"https:\/\/www.europesays.com\/fr\/wp-json\/wp\/v2\/posts"}],"about":[{"href":"https:\/\/www.europesays.com\/fr\/wp-json\/wp\/v2\/types\/post"}],"author":[{"embeddable":true,"href":"https:\/\/www.europesays.com\/fr\/wp-json\/wp\/v2\/users\/2"}],"replies":[{"embeddable":true,"href":"https:\/\/www.europesays.com\/fr\/wp-json\/wp\/v2\/comments?post=617528"}],"version-history":[{"count":0,"href":"https:\/\/www.europesays.com\/fr\/wp-json\/wp\/v2\/posts\/617528\/revisions"}],"wp:featuredmedia":[{"embeddable":true,"href":"https:\/\/www.europesays.com\/fr\/wp-json\/wp\/v2\/media\/617529"}],"wp:attachment":[{"href":"https:\/\/www.europesays.com\/fr\/wp-json\/wp\/v2\/media?parent=617528"}],"wp:term":[{"taxonomy":"category","embeddable":true,"href":"https:\/\/www.europesays.com\/fr\/wp-json\/wp\/v2\/categories?post=617528"},{"taxonomy":"post_tag","embeddable":true,"href":"https:\/\/www.europesays.com\/fr\/wp-json\/wp\/v2\/tags?post=617528"}],"curies":[{"name":"wp","href":"https:\/\/api.w.org\/{rel}","templated":true}]}}