{"id":617530,"date":"2025-12-23T08:59:18","date_gmt":"2025-12-23T08:59:18","guid":{"rendered":"https:\/\/www.europesays.com\/fr\/617530\/"},"modified":"2025-12-23T08:59:18","modified_gmt":"2025-12-23T08:59:18","slug":"bordeaux-previsions-meteo-du-mardi-23-decembre-2025","status":"publish","type":"post","link":"https:\/\/www.europesays.com\/fr\/617530\/","title":{"rendered":"Bordeaux : pr\u00e9visions m\u00e9t\u00e9o du mardi 23 d\u00e9cembre 2025"},"content":{"rendered":"<p>\u00c0 Bordeaux, la journ\u00e9e se caract\u00e9rise par un ciel variable avec des \u00e9claircies le matin et l\u2019apr\u00e8s-midi, avant une soir\u00e9e tr\u00e8s nuageuse. Les temp\u00e9ratures restent fra\u00eeches, sans pr\u00e9cipitations significatives.<\/p>\n<p>\u00c0 l\u2019approche de No\u00ebl, nombreux sont ceux qui s\u2019affairent aux derniers achats. Ce mardi 23 d\u00e9cembre 2025 \u00e0 Bordeaux, la m\u00e9t\u00e9o s\u2019annonce globalement cl\u00e9mente, malgr\u00e9 une fra\u00eecheur humide et un ciel souvent couvert.<\/p>\n<p>Les conditions restent proches des normales saisonni\u00e8res, marquant une fin d\u00e9cembre paisible apr\u00e8s plusieurs hivers plus doux. L\u2019humidit\u00e9 persistante s\u2019explique par la fr\u00e9quence accrue des flux atlantiques, une tendance relev\u00e9e par Copernicus dans le contexte du r\u00e9chauffement global.<\/p>\n<p>Ce matin : humidit\u00e9 prononc\u00e9e d\u00e8s le lever du soleil<\/p>\n<p>Le soleil se l\u00e8ve \u00e0 08 h 37. D\u00e8s les premi\u00e8res heures, l\u2019air est satur\u00e9 d\u2019humidit\u00e9 et le thermom\u00e8tre affiche seulement 5 \u00b0C, avec un ressenti de 3 \u00b0C sous l\u2019effet d\u2019une brise d\u2019est-nord-est tr\u00e8s l\u00e9g\u00e8re.<\/p>\n<p>La couverture nuageuse alterne avec quelques \u00e9claircies. Le risque de pluie reste faible, limit\u00e9 \u00e0 3 %, ce qui permet aux Bordelais de rejoindre leur lieu de travail ou les commerces en toute s\u00e9r\u00e9nit\u00e9.<\/p>\n<ul>\n<li><b>Temp\u00e9rature :<\/b> 5 \u00b0C (ressenti 3 \u00b0C)<\/li>\n<li><b>Humidit\u00e9 :<\/b> 97 %<\/li>\n<li><b>Vent :<\/b> 5 km\/h ENE<\/li>\n<li><b>Pluie :<\/b> risque 3 %<\/li>\n<\/ul>\n<p>Apr\u00e8s-midi : fra\u00eecheur tenace sous un ciel changeant<\/p>\n<p>En milieu de journ\u00e9e, la temp\u00e9rature atteint son maximum \u00e0 9 \u00b0C, avec un ressenti limit\u00e9 \u00e0 6 \u00b0C. Le vent s\u2019oriente nord-nord-est, autour de 7 km\/h, sans parvenir \u00e0 dissiper l\u2019humidit\u00e9 ambiante.<\/p>\n<p>Le ciel demeure variable, alternant \u00e9claircies et nuages bas. Le risque de pluie s\u2019\u00e9l\u00e8ve l\u00e9g\u00e8rement \u00e0 10 %. L\u2019indice UV reste faible, mais un manteau chaud sera appr\u00e9ci\u00e9 lors des pauses d\u00e9jeuner \u00e0 l\u2019ext\u00e9rieur.<\/p>\n<ul>\n<li><b>Temp\u00e9rature :<\/b> 9 \u00b0C (ressenti 6 \u00b0C)<\/li>\n<li><b>Humidit\u00e9 :<\/b> 79 %<\/li>\n<li><b>Vent :<\/b> 7 km\/h NNE<\/li>\n<li><b>Pluie :<\/b> risque 10 %<\/li>\n<\/ul>\n<p>Soir : grisaille marqu\u00e9e avant le coucher du soleil<\/p>\n<p>Le soleil se couche \u00e0 17 h 25. En fin de journ\u00e9e, la couverture nuageuse se densifie nettement. \u00c0 21 h, le thermom\u00e8tre indique 7 \u00b0C, avec un ressenti de 6 \u00b0C et une humidit\u00e9 atteignant 93 %.<\/p>\n<p>Le vent devient quasi-calme, \u00e0 4 km\/h du nord, accentuant davantage l\u2019impression de lourde grisaille que celle de froid intense. Le risque d\u2019averses reste tr\u00e8s limit\u00e9, \u00e0 seulement 3 %.<\/p>\n<ul>\n<li><b>Temp\u00e9rature :<\/b> 7 \u00b0C (ressenti 6 \u00b0C)<\/li>\n<li><b>Humidit\u00e9 :<\/b> 93 %<\/li>\n<li><b>Vent :<\/b> 4 km\/h N<\/li>\n<li><b>Pluie :<\/b> risque 3 %<\/li>\n<\/ul>\n<p>Avant de fermer les volets, pensez \u00e0 a\u00e9rer bri\u00e8vement votre logement pour \u00e9viter la condensation, puis \u00e0 couper l\u2019humidificateur. Le sol d\u00e9tremp\u00e9 peut rendre les pav\u00e9s du centre-ville glissants : soyez vigilants apr\u00e8s la tomb\u00e9e de la nuit.<\/p>\n<p>Tendance pour demain : vent plus mordant, ciel toujours bouch\u00e9<\/p>\n<p>Au cours de la nuit, le mercure descendra jusqu\u2019\u00e0 3 \u00b0C, avec un ressenti de \u20132 \u00b0C sous l\u2019effet de rafales notables \u00e0 42 km\/h en provenance du nord-nord-est : vigilance recommand\u00e9e pour les deux-roues et les d\u00e9corations ext\u00e9rieures.<\/p>\n<p>La journ\u00e9e du mercredi 24 d\u00e9cembre s\u2019annonce globalement tr\u00e8s nuageuse. Les temp\u00e9ratures oscilleront entre 3 \u00b0C et 7 \u00b0C, pour un ressenti de \u20132 \u00b0C \u00e0 5 \u00b0C. Aucune pluie n\u2019est attendue, mais la bise accentuera la sensation de froid.<\/p>\n<p>Pour planifier vos activit\u00e9s de plein air ou vos d\u00e9placements de fin d\u2019ann\u00e9e, consultez <a href=\"https:\/\/www.meteocity.com\/france\/bordeaux-v3031582\" target=\"_blank\" rel=\"noopener\">nos pr\u00e9visions d\u00e9taill\u00e9es<\/a> mises \u00e0 jour en temps r\u00e9el.<\/p>\n<ul>\n<li><b>Min :<\/b> 3 \u00b0C<\/li>\n<li><b>Max :<\/b> 7 \u00b0C<\/li>\n<li><b>Vent :<\/b> 18 km\/h NNE, rafales 42 km\/h<\/li>\n<li><b>Pluie :<\/b> 0 %<\/li>\n<\/ul>\n","protected":false},"excerpt":{"rendered":"\u00c0 Bordeaux, la journ\u00e9e se caract\u00e9rise par un ciel variable avec des \u00e9claircies le matin et l\u2019apr\u00e8s-midi, avant&hellip;\n","protected":false},"author":2,"featured_media":617531,"comment_status":"","ping_status":"","sticky":false,"template":"","format":"standard","meta":{"footnotes":""},"categories":[2817],"tags":[1111,11,1997,1777,674,1011,27,12,2219,25],"class_list":{"0":"post-617530","1":"post","2":"type-post","3":"status-publish","4":"format-standard","5":"has-post-thumbnail","7":"category-bordeaux","8":"tag-actu","9":"tag-actualites","10":"tag-bordeaux","11":"tag-eu","12":"tag-europe","13":"tag-fr","14":"tag-france","15":"tag-news","16":"tag-nouvelle-aquitaine","17":"tag-republique-francaise"},"share_on_mastodon":{"url":"https:\/\/pubeurope.com\/@fr\/115768063821579100","error":""},"_links":{"self":[{"href":"https:\/\/www.europesays.com\/fr\/wp-json\/wp\/v2\/posts\/617530","targetHints":{"allow":["GET"]}}],"collection":[{"href":"https:\/\/www.europesays.com\/fr\/wp-json\/wp\/v2\/posts"}],"about":[{"href":"https:\/\/www.europesays.com\/fr\/wp-json\/wp\/v2\/types\/post"}],"author":[{"embeddable":true,"href":"https:\/\/www.europesays.com\/fr\/wp-json\/wp\/v2\/users\/2"}],"replies":[{"embeddable":true,"href":"https:\/\/www.europesays.com\/fr\/wp-json\/wp\/v2\/comments?post=617530"}],"version-history":[{"count":0,"href":"https:\/\/www.europesays.com\/fr\/wp-json\/wp\/v2\/posts\/617530\/revisions"}],"wp:featuredmedia":[{"embeddable":true,"href":"https:\/\/www.europesays.com\/fr\/wp-json\/wp\/v2\/media\/617531"}],"wp:attachment":[{"href":"https:\/\/www.europesays.com\/fr\/wp-json\/wp\/v2\/media?parent=617530"}],"wp:term":[{"taxonomy":"category","embeddable":true,"href":"https:\/\/www.europesays.com\/fr\/wp-json\/wp\/v2\/categories?post=617530"},{"taxonomy":"post_tag","embeddable":true,"href":"https:\/\/www.europesays.com\/fr\/wp-json\/wp\/v2\/tags?post=617530"}],"curies":[{"name":"wp","href":"https:\/\/api.w.org\/{rel}","templated":true}]}}