{"id":617551,"date":"2025-12-23T09:12:17","date_gmt":"2025-12-23T09:12:17","guid":{"rendered":"https:\/\/www.europesays.com\/fr\/617551\/"},"modified":"2025-12-23T09:12:17","modified_gmt":"2025-12-23T09:12:17","slug":"un-spectateur-recrache-la-fumee-de-sa-vapoteuse-sur-le-visage-de-van-der-poel-en-pleine-course","status":"publish","type":"post","link":"https:\/\/www.europesays.com\/fr\/617551\/","title":{"rendered":"Un spectateur recrache la fum\u00e9e de sa vapoteuse sur le visage de van der Poel en pleine course"},"content":{"rendered":"<p class=\"paragraph text_align_left lp-f-body-02\">Rien ne l\u2019arr\u00eate ! M\u00eame pas la b\u00eatise des spectateurs. C\u2019est peut-\u00eatre m\u00eame une source de motivation. <a href=\"https:\/\/www.leparisien.fr\/sports\/cyclisme\/mathieu-van-der-poel\/\" target=\"_blank\" rel=\"noreferrer noopener\">Mathieu van der Poel <\/a>a continu\u00e9 son impressionnante moisson de victoires en remportant lundi le troph\u00e9e X20 de <a href=\"https:\/\/www.leparisien.fr\/sports\/cyclisme\/\" target=\"_blank\" rel=\"noreferrer noopener\">cyclocross<\/a> de Hofstade (Belgique) devant Wout Van Aert.<\/p>\n<p class=\"\">Le champion du monde n\u00e9erlandais, qui s\u2019est port\u00e9 en t\u00eate d\u00e8s le 2e des 9 tours, s\u2019adjuge son quatri\u00e8me succ\u00e8s en quatre sorties cet hiver, apr\u00e8s Namur le 14 d\u00e9cembre puis Anvers et Coxyde ce week-end.<\/p>\n<p class=\"\">Mais cette nouvelle d\u00e9monstration de force a \u00e9t\u00e9 entach\u00e9e par le &#8211; nouveau &#8211; geste stupide d\u2019un spectateur. Au passage du <a href=\"https:\/\/www.leparisien.fr\/sports\/cyclisme\/tour-de-france-avec-mathieu-van-der-poel-un-poulidor-enfin-en-jaune-28-06-2021-OX43LYBGRFDAZDPPW6YAA7MOD4.php\" target=\"_blank\" rel=\"noreferrer noopener\">petit-fils de Raymond Poulidor<\/a>, un homme lui rejette en effet ostensiblement la fum\u00e9e de sa vapoteuse en plein visage. Un geste capt\u00e9 par les cam\u00e9ras de TNT Sports et qui semble d\u00e9lib\u00e9r\u00e9 et pr\u00e9m\u00e9dit\u00e9 puisqu\u2019un comparse filme la sc\u00e8ne.<\/p>\n<p class=\"\">Ce n\u2019est malheureusement pas la premi\u00e8re fois que MVDP est la cible de la b\u00eatise de la b\u00eatise humaine et de certains spectateurs. En 2024, il avait re\u00e7u des crachats pendant le Tour des Flandres, puis <a href=\"https:\/\/www.leparisien.fr\/sports\/cyclisme\/paris-roubaix\/paris-roubaix-la-spectatrice-qui-a-lance-une-casquette-sur-mathieu-van-der-poel-va-se-denoncer-09-04-2024-AGRCKJ3YR5HIBBRFBZ5G5VZIJY.php\" rel=\"noopener\" target=\"_blank\">une femme lui avait jet\u00e9 une casquette dans les roues<\/a> lors de <a href=\"https:\/\/www.leparisien.fr\/sports\/cyclisme\/paris-roubaix\/\" target=\"_blank\" rel=\"noreferrer noopener\">Paris-Roubaix<\/a>.<\/p>\n<p class=\"\">D\u00e9but 2025, lors de l\u2019\u00e9preuve de Coupe du monde de cyclo-cross de Hulst aux Pays-Bas, il avait de nouveau <a href=\"https:\/\/www.leparisien.fr\/sports\/cyclisme\/cela-na-pas-sa-place-dans-le-sport-mathieu-van-der-poel-cible-de-crachats-dun-spectateur-lors-du-gp-e3-28-03-2025-PPRQLTFK7JBDVNZWY5AY4S5NBQ.php\" rel=\"noopener\" target=\"_blank\">re\u00e7u des crachats<\/a>, des jets de bi\u00e8re et d\u2019urine. Au point qu\u2019au tour suivant du circuit, reconnaissant un des auteurs, le N\u00e9erlandais s\u2019\u00e9tait fait justice et lui avait crach\u00e9 dessus. Toujours lors du Paris-Roubaix 2025, o\u00f9 MVDP est triple tenant du titre, un spectateur lui avait j<a href=\"https:\/\/www.leparisien.fr\/sports\/cyclisme\/paris-roubaix\/paris-roubaix-le-geste-honteux-dun-spectateur-qui-lance-un-bidon-sur-van-der-poel-en-plein-secteur-pave-13-04-2025-OPVLFBKGCBHOTNUWAGYTLFPP3U.php\" rel=\"noopener\" target=\"_blank\">et\u00e9 un bidon plein au visage<\/a>. Une liste non exhaustive\u2026<\/p>\n<p class=\"\">Son seul tort est d\u2019\u00eatre fort, trop fort et notamment de battre l\u2019idole belge Wout Van Aert. Une domination qu\u2019ont du mal \u00e0 accepter certains.<\/p>\n<p class=\"\">Les deux t\u00e9nors du cross, qui ne devraient s\u2019affronter que cinq fois cet hiver, se recroiseront le 29 d\u00e9cembre \u00e0 Loenhout (Belgique). En esp\u00e9rant que, cette fois, les spectateurs soient plus fair-play.<\/p>\n","protected":false},"excerpt":{"rendered":"Rien ne l\u2019arr\u00eate ! M\u00eame pas la b\u00eatise des spectateurs. C\u2019est peut-\u00eatre m\u00eame une source de motivation. Mathieu&hellip;\n","protected":false},"author":2,"featured_media":617552,"comment_status":"","ping_status":"","sticky":false,"template":"","format":"standard","meta":{"footnotes":""},"categories":[1888],"tags":[1111,1928,11,1927,207,1777,674,1011,27,12,1926,626,1925,25,60],"class_list":{"0":"post-617551","1":"post","2":"type-post","3":"status-publish","4":"format-standard","5":"has-post-thumbnail","7":"category-paris","8":"tag-actu","9":"tag-actu-paris","10":"tag-actualites","11":"tag-actualites-paris","12":"tag-cyclisme","13":"tag-eu","14":"tag-europe","15":"tag-fr","16":"tag-france","17":"tag-news","18":"tag-news-paris","19":"tag-paris","20":"tag-paris-news","21":"tag-republique-francaise","22":"tag-sports"},"share_on_mastodon":{"url":"https:\/\/pubeurope.com\/@fr\/115768114824836042","error":""},"_links":{"self":[{"href":"https:\/\/www.europesays.com\/fr\/wp-json\/wp\/v2\/posts\/617551","targetHints":{"allow":["GET"]}}],"collection":[{"href":"https:\/\/www.europesays.com\/fr\/wp-json\/wp\/v2\/posts"}],"about":[{"href":"https:\/\/www.europesays.com\/fr\/wp-json\/wp\/v2\/types\/post"}],"author":[{"embeddable":true,"href":"https:\/\/www.europesays.com\/fr\/wp-json\/wp\/v2\/users\/2"}],"replies":[{"embeddable":true,"href":"https:\/\/www.europesays.com\/fr\/wp-json\/wp\/v2\/comments?post=617551"}],"version-history":[{"count":0,"href":"https:\/\/www.europesays.com\/fr\/wp-json\/wp\/v2\/posts\/617551\/revisions"}],"wp:featuredmedia":[{"embeddable":true,"href":"https:\/\/www.europesays.com\/fr\/wp-json\/wp\/v2\/media\/617552"}],"wp:attachment":[{"href":"https:\/\/www.europesays.com\/fr\/wp-json\/wp\/v2\/media?parent=617551"}],"wp:term":[{"taxonomy":"category","embeddable":true,"href":"https:\/\/www.europesays.com\/fr\/wp-json\/wp\/v2\/categories?post=617551"},{"taxonomy":"post_tag","embeddable":true,"href":"https:\/\/www.europesays.com\/fr\/wp-json\/wp\/v2\/tags?post=617551"}],"curies":[{"name":"wp","href":"https:\/\/api.w.org\/{rel}","templated":true}]}}