{"id":617560,"date":"2025-12-23T09:18:15","date_gmt":"2025-12-23T09:18:15","guid":{"rendered":"https:\/\/www.europesays.com\/fr\/617560\/"},"modified":"2025-12-23T09:18:15","modified_gmt":"2025-12-23T09:18:15","slug":"coupures-de-courant-dampleur-en-ukraine-a-la-suite-de-frappes-russes","status":"publish","type":"post","link":"https:\/\/www.europesays.com\/fr\/617560\/","title":{"rendered":"Coupures de courant d&rsquo;ampleur en Ukraine \u00e0 la suite de frappes russes"},"content":{"rendered":"<p>Les autorit\u00e9s ukrainiennes ont annonc\u00e9 mardi des coupures de courant dans plusieurs r\u00e9gions du pays \u00e0 la suite de frappes russes alliant missiles et drones sur ses infrastructures. Ces bombardements ont pouss\u00e9 l&rsquo;arm\u00e9e polonaise \u00e0 d\u00e9ployer des avions pour prot\u00e9ger son espace a\u00e9rien.<\/p>\n<p>\u00ab\u00a0La Russie attaque une fois de plus nos infrastructures \u00e9nerg\u00e9tiques. En cons\u00e9quence, des coupures de courant d&rsquo;urgence ont \u00e9t\u00e9 d\u00e9clench\u00e9es dans plusieurs r\u00e9gions d&rsquo;Ukraine\u00a0\u00bb, a annonc\u00e9 le minist\u00e8re de l&rsquo;\u00c9nergie sur Telegram.<\/p>\n<p>L&rsquo;op\u00e9rateur \u00e9lectrique Ukrenergo a fait \u00e9tat d&rsquo;une \u00ab\u00a0attaque massive de missiles et de drones\u00a0\u00bb et pr\u00e9cis\u00e9 que les travaux de r\u00e9paration d\u00e9marreraient d\u00e8s que les conditions de s\u00e9curit\u00e9 le permettraient. Il n&rsquo;a pas \u00e9t\u00e9 fait \u00e9tat de victime \u00e0 ce stade.<\/p>\n<p>Pr\u00e8s de quatre ans apr\u00e8s le lancement de son offensive \u00e0 grande \u00e9chelle sur son voisin, la Russie frappe l&rsquo;Ukraine quasiment toutes les nuits, visant en particulier les infrastructures \u00e9nerg\u00e9tiques, notamment en hiver, et causant des victimes civiles.<\/p>\n<p>Les nouvelles coupures de courant interviennent alors que l&rsquo;Ukraine conna\u00eet des temp\u00e9ratures glaciales, proches de z\u00e9ro, voire n\u00e9gatives sur une grande partie du territoire.<\/p>\n<p>L&rsquo;arm\u00e9e polonaise en alerte<\/p>\n<p>Sur X, l&rsquo;arm\u00e9e polonaise a annonc\u00e9 mardi matin que l&rsquo;aviation \u00ab\u00a0polonaise et alli\u00e9e\u00a0\u00bb avait \u00e9t\u00e9 mise en alerte et d\u00e9ploy\u00e9e dans son espace a\u00e9rien de mani\u00e8re pr\u00e9ventive en raison des frappes russes sur le territoire ukrainien.<\/p>\n<p>Cette proc\u00e9dure est r\u00e9guli\u00e8rement enclench\u00e9e lorsque les bombardements visent des zones occidentales proches de la fronti\u00e8re polonaise.<\/p>\n<p class=\"sources\">afp\/vkiss<\/p>\n","protected":false},"excerpt":{"rendered":"Les autorit\u00e9s ukrainiennes ont annonc\u00e9 mardi des coupures de courant dans plusieurs r\u00e9gions du pays \u00e0 la suite&hellip;\n","protected":false},"author":2,"featured_media":617561,"comment_status":"","ping_status":"","sticky":false,"template":"","format":"standard","meta":{"footnotes":""},"categories":[1590],"tags":[11,4755,2120,3576,564,6359,62219,39123,1777,674,131,3577,10357,3343,74,12,72795,132,220,9418],"class_list":{"0":"post-617560","1":"post","2":"type-post","3":"status-publish","4":"format-standard","5":"has-post-thumbnail","7":"category-ukraine","8":"tag-actualites","9":"tag-bombardement","10":"tag-conflit","11":"tag-conflit-arme","12":"tag-drone","13":"tag-economie-et-finances","14":"tag-energie-et-ressources","15":"tag-espace-aerien","16":"tag-eu","17":"tag-europe","18":"tag-guerre-en-ukraine","19":"tag-guerre-et-paix","20":"tag-infrastructure","21":"tag-missile","22":"tag-monde","23":"tag-news","24":"tag-panne-de-courant","25":"tag-russie","26":"tag-ukraine","27":"tag-victime"},"share_on_mastodon":{"url":"https:\/\/pubeurope.com\/@fr\/115768138416134710","error":""},"_links":{"self":[{"href":"https:\/\/www.europesays.com\/fr\/wp-json\/wp\/v2\/posts\/617560","targetHints":{"allow":["GET"]}}],"collection":[{"href":"https:\/\/www.europesays.com\/fr\/wp-json\/wp\/v2\/posts"}],"about":[{"href":"https:\/\/www.europesays.com\/fr\/wp-json\/wp\/v2\/types\/post"}],"author":[{"embeddable":true,"href":"https:\/\/www.europesays.com\/fr\/wp-json\/wp\/v2\/users\/2"}],"replies":[{"embeddable":true,"href":"https:\/\/www.europesays.com\/fr\/wp-json\/wp\/v2\/comments?post=617560"}],"version-history":[{"count":0,"href":"https:\/\/www.europesays.com\/fr\/wp-json\/wp\/v2\/posts\/617560\/revisions"}],"wp:featuredmedia":[{"embeddable":true,"href":"https:\/\/www.europesays.com\/fr\/wp-json\/wp\/v2\/media\/617561"}],"wp:attachment":[{"href":"https:\/\/www.europesays.com\/fr\/wp-json\/wp\/v2\/media?parent=617560"}],"wp:term":[{"taxonomy":"category","embeddable":true,"href":"https:\/\/www.europesays.com\/fr\/wp-json\/wp\/v2\/categories?post=617560"},{"taxonomy":"post_tag","embeddable":true,"href":"https:\/\/www.europesays.com\/fr\/wp-json\/wp\/v2\/tags?post=617560"}],"curies":[{"name":"wp","href":"https:\/\/api.w.org\/{rel}","templated":true}]}}