{"id":617562,"date":"2025-12-23T09:19:14","date_gmt":"2025-12-23T09:19:14","guid":{"rendered":"https:\/\/www.europesays.com\/fr\/617562\/"},"modified":"2025-12-23T09:19:14","modified_gmt":"2025-12-23T09:19:14","slug":"le-president-trump-annonce-une-nouvelle-classe-de-navires-de-guerre-portant-son-nom","status":"publish","type":"post","link":"https:\/\/www.europesays.com\/fr\/617562\/","title":{"rendered":"le pr\u00e9sident Trump annonce une nouvelle classe de navires de guerre portant son nom"},"content":{"rendered":"<p>\t\t\tLe pr\u00e9sident am\u00e9ricain, Donald Trump, a annonc\u00e9 lundi le lancement de la construction d\u2019une nouvelle classe de navires de guerre de grande taille qui portera son nom, destin\u00e9e \u00e0 remplacer l\u2019ancienne flotte de la marine am\u00e9ricaine.<\/p>\n<p style=\"text-align: justify;\">Ces navires \u00ab\u00a0contribueront \u00e0 maintenir la supr\u00e9matie militaire am\u00e9ricaine et \u00e0 relancer l\u2019industrie navale\u00a0\u00bb du pays, a assur\u00e9 M. Trump lors d\u2019une allocution t\u00e9l\u00e9vis\u00e9e depuis sa r\u00e9sidence de Mar-a-Lago en Floride, en pr\u00e9sence notamment du chef du Pentagone, Pete Hegseth, et du secr\u00e9taire d\u2019\u00c9tat am\u00e9ricain, Marco Rubio.<\/p>\n<p style=\"text-align: justify;\">Le pr\u00e9sident a \u00e9galement pr\u00e9cis\u00e9 que deux navires de guerre de la \u00ab\u00a0Trump Class USS Defiant\u00a0\u00bb seraient construits pour commencer, estimant que leur construction prendrait \u00ab\u00a0environ 2 ans et demi\u00a0\u00bb.<\/p>\n<p style=\"text-align: justify;\"><strong>Lire aussi :\u00a0<a style=\"color: #008000;\" href=\"https:\/\/maroc-diplomatique.net\/etats-unis-trump-annonce-une-prime-de-1-776-dollars-pour-les-militaires\/\" target=\"_blank\" rel=\"noopener\">\u00c9tats-Unis : Trump annonce une prime de 1 776 dollars pour les militaires \u00e0 l\u2019occasion des 250 ans de l\u2019ind\u00e9pendance<\/a><\/strong><\/p>\n<p style=\"text-align: justify;\">Il a assur\u00e9 que cette nouvelle classe de b\u00e2timents compterait ensuite \u00ab\u00a0rapidement\u00a0\u00bb 10 navires, et, au terme du projet, 20 \u00e0 25 navires.<\/p>\n<p style=\"text-align: justify;\">\u00ab\u00a0Chacun d\u2019eux sera le plus grand navire de guerre de l\u2019histoire de notre pays\u00a0\u00bb et m\u00eame \u00ab\u00a0du monde\u00a0\u00bb, a-t-il assur\u00e9, pr\u00e9cisant que les b\u00e2timents seraient \u00e9quip\u00e9s de canons et de lasers, et qu\u2019ils pourraient porter des armes hypersoniques et nucl\u00e9aires.<\/p>\n<p style=\"text-align: justify;\">Il a pr\u00e9cis\u00e9 qu\u2019ils seront construits aux \u00c9tats-Unis et qu\u2019ils p\u00e8seront chacun entre 30.000 et 40.000 tonnes. \u00ab\u00a0Ils seront aussi largement contr\u00f4l\u00e9s par l\u2019IA\u00a0\u00bb, a-t-il d\u00e9clar\u00e9, sans donner plus de d\u00e9tails dans ce sens.<\/p>\n<p style=\"text-align: justify;\">Le pr\u00e9sident am\u00e9ricain a \u00e9galement fait savoir qu\u2019il comptait s\u2019impliquer personnellement dans la conception des nouveaux navires, mettant en avant son int\u00e9r\u00eat particulier pour les aspects esth\u00e9tiques de ce projet.<\/p>\n<p style=\"text-align: justify;\">Avec MAP<\/p>\n","protected":false},"excerpt":{"rendered":"Le pr\u00e9sident am\u00e9ricain, Donald Trump, a annonc\u00e9 lundi le lancement de la construction d\u2019une nouvelle classe de navires&hellip;\n","protected":false},"author":2,"featured_media":617563,"comment_status":"","ping_status":"","sticky":false,"template":"","format":"standard","meta":{"footnotes":""},"categories":[1589],"tags":[11,75,73,1866,6128,31067,12,1066,1864,1865,1863,308],"class_list":{"0":"post-617562","1":"post","2":"type-post","3":"status-publish","4":"format-standard","5":"has-post-thumbnail","7":"category-etats-unis","8":"tag-actualites","9":"tag-donald-trump","10":"tag-etats-unis","11":"tag-etats-unis-damerique","12":"tag-marine","13":"tag-navires","14":"tag-news","15":"tag-pete-hegseth","16":"tag-united-states","17":"tag-united-states-of-america","18":"tag-us","19":"tag-usa"},"share_on_mastodon":{"url":"https:\/\/pubeurope.com\/@fr\/115768142396927674","error":""},"_links":{"self":[{"href":"https:\/\/www.europesays.com\/fr\/wp-json\/wp\/v2\/posts\/617562","targetHints":{"allow":["GET"]}}],"collection":[{"href":"https:\/\/www.europesays.com\/fr\/wp-json\/wp\/v2\/posts"}],"about":[{"href":"https:\/\/www.europesays.com\/fr\/wp-json\/wp\/v2\/types\/post"}],"author":[{"embeddable":true,"href":"https:\/\/www.europesays.com\/fr\/wp-json\/wp\/v2\/users\/2"}],"replies":[{"embeddable":true,"href":"https:\/\/www.europesays.com\/fr\/wp-json\/wp\/v2\/comments?post=617562"}],"version-history":[{"count":0,"href":"https:\/\/www.europesays.com\/fr\/wp-json\/wp\/v2\/posts\/617562\/revisions"}],"wp:featuredmedia":[{"embeddable":true,"href":"https:\/\/www.europesays.com\/fr\/wp-json\/wp\/v2\/media\/617563"}],"wp:attachment":[{"href":"https:\/\/www.europesays.com\/fr\/wp-json\/wp\/v2\/media?parent=617562"}],"wp:term":[{"taxonomy":"category","embeddable":true,"href":"https:\/\/www.europesays.com\/fr\/wp-json\/wp\/v2\/categories?post=617562"},{"taxonomy":"post_tag","embeddable":true,"href":"https:\/\/www.europesays.com\/fr\/wp-json\/wp\/v2\/tags?post=617562"}],"curies":[{"name":"wp","href":"https:\/\/api.w.org\/{rel}","templated":true}]}}