{"id":617564,"date":"2025-12-23T09:20:20","date_gmt":"2025-12-23T09:20:20","guid":{"rendered":"https:\/\/www.europesays.com\/fr\/617564\/"},"modified":"2025-12-23T09:20:20","modified_gmt":"2025-12-23T09:20:20","slug":"climat-lannee-2025-bien-partie-pour-battre-un-record-de-chaleur-au-royaume-uni","status":"publish","type":"post","link":"https:\/\/www.europesays.com\/fr\/617564\/","title":{"rendered":"Climat: l&rsquo;ann\u00e9e 2025 bien partie pour battre un record de chaleur au Royaume-Uni"},"content":{"rendered":"<p><strong>L&rsquo;ann\u00e9e 2025 pourrait \u00eatre la plus chaude jamais enregistr\u00e9e au Royaume-Uni, a indiqu\u00e9 mardi l&rsquo;agence nationale de m\u00e9t\u00e9orologie Met Office, avec une temp\u00e9rature moyenne sup\u00e9rieure \u00e0 10\u00b0C.<\/strong>\u00a0<\/p>\n<p class=\"toreadalso-fromEMP\"><strong>\u2022 \u00c0 lire aussi: <\/strong><a href=\"https:\/\/www.journaldemontreal.com\/2025\/10\/15\/climat-le-royaume-uni-doit-se-preparer-durgence-a-des-phenomenes-extremes-dici-2050\" target=\"cce9c4f4-1529-4d0f-91a8-788f9b9401c1\" rel=\"noopener\"><strong>Climat: le Royaume-Uni doit se pr\u00e9parer d&rsquo;urgence \u00e0 des ph\u00e9nom\u00e8nes extr\u00eames d&rsquo;ici 2050<\/strong><\/a><\/p>\n<p class=\"toreadalso-fromEMP\"><strong>\u2022 \u00c0 lire aussi: <\/strong><a href=\"https:\/\/www.journaldemontreal.com\/2025\/09\/03\/chine-lete-2025-a-ete-le-plus-chaud-jamais-enregistre\" target=\"553391c3-972b-4b6e-aed8-c00f5b0c15f5\" rel=\"noopener\"><strong>Chine: l&rsquo;\u00e9t\u00e9 2025 a \u00e9t\u00e9 \u00able plus chaud jamais enregistr\u00e9\u00bb<\/strong><\/a><\/p>\n<p>Les chiffres d\u00e9finitifs ne seront connus que le 2 janvier, mais \u00e0 quelques jours de la fin de l&rsquo;ann\u00e9e, la temp\u00e9rature moyenne s&rsquo;affiche \u00e0 10,05\u00b0C, soit au-dessus du pr\u00e9c\u00e9dent record de 10,03\u00b0C enregistr\u00e9 en 2022, selon un communiqu\u00e9 du Met Office.<\/p>\n<p>Si ces donn\u00e9es se confirment, quatre des cinq derni\u00e8res ann\u00e9es appara\u00eetront alors dans le top 5 des plus chaudes jamais enregistr\u00e9es dans le pays depuis le d\u00e9but des mesures en 1884.<\/p>\n<p>Les dix ann\u00e9es les plus chaudes ont elles toutes \u00e9t\u00e9 enregistr\u00e9es durant les deux derni\u00e8res d\u00e9cennies.<\/p>\n<p>\u00abSur le plan climatique, nous vivons une p\u00e9riode extraordinaire. Les changements que nous observons sont sans pr\u00e9c\u00e9dent depuis le XIXe si\u00e8cle\u00bb, a soulign\u00e9 Mike Kendon, scientifique au Met Office.<\/p>\n<p>La semaine derni\u00e8re l&rsquo;agence de m\u00e9t\u00e9orologie a publi\u00e9 des donn\u00e9es montrant que 2025 a \u00e9t\u00e9 l&rsquo;ann\u00e9e la plus ensoleill\u00e9e depuis au moins 1910, avec 1622 heures de soleil au 15 d\u00e9cembre, au-del\u00e0 du pr\u00e9c\u00e9dent record de 2003.<\/p>\n<p>Le printemps a \u00e9t\u00e9 la saison la plus ensoleill\u00e9e, du fait notamment de l&rsquo;influence des hautes pressions qui ont r\u00e9duit la couverture nuageuse.<\/p>\n<p>L&rsquo;\u00e9t\u00e9 2025 a lui \u00e9t\u00e9 le plus chaud jamais enregistr\u00e9 au Royaume-Uni, avec quatre vagues de chaleur et des pr\u00e9cipitations inf\u00e9rieures de 16% \u00e0 la moyenne saisonni\u00e8re.<\/p>\n","protected":false},"excerpt":{"rendered":"L&rsquo;ann\u00e9e 2025 pourrait \u00eatre la plus chaude jamais enregistr\u00e9e au Royaume-Uni, a indiqu\u00e9 mardi l&rsquo;agence nationale de m\u00e9t\u00e9orologie&hellip;\n","protected":false},"author":2,"featured_media":617565,"comment_status":"","ping_status":"","sticky":false,"template":"","format":"standard","meta":{"footnotes":""},"categories":[1588],"tags":[11,1777,674,12,473,1853,1851,1850,1852],"class_list":{"0":"post-617564","1":"post","2":"type-post","3":"status-publish","4":"format-standard","5":"has-post-thumbnail","7":"category-royaume-uni","8":"tag-actualites","9":"tag-eu","10":"tag-europe","11":"tag-news","12":"tag-royaume-uni","13":"tag-royaume-uni-de-grande-bretagne-et-dirlande-du-nord","14":"tag-uk","15":"tag-united-kingdom","16":"tag-united-kingdom-of-great-britain-and-northern-ireland"},"share_on_mastodon":{"url":"https:\/\/pubeurope.com\/@fr\/115768146281590843","error":""},"_links":{"self":[{"href":"https:\/\/www.europesays.com\/fr\/wp-json\/wp\/v2\/posts\/617564","targetHints":{"allow":["GET"]}}],"collection":[{"href":"https:\/\/www.europesays.com\/fr\/wp-json\/wp\/v2\/posts"}],"about":[{"href":"https:\/\/www.europesays.com\/fr\/wp-json\/wp\/v2\/types\/post"}],"author":[{"embeddable":true,"href":"https:\/\/www.europesays.com\/fr\/wp-json\/wp\/v2\/users\/2"}],"replies":[{"embeddable":true,"href":"https:\/\/www.europesays.com\/fr\/wp-json\/wp\/v2\/comments?post=617564"}],"version-history":[{"count":0,"href":"https:\/\/www.europesays.com\/fr\/wp-json\/wp\/v2\/posts\/617564\/revisions"}],"wp:featuredmedia":[{"embeddable":true,"href":"https:\/\/www.europesays.com\/fr\/wp-json\/wp\/v2\/media\/617565"}],"wp:attachment":[{"href":"https:\/\/www.europesays.com\/fr\/wp-json\/wp\/v2\/media?parent=617564"}],"wp:term":[{"taxonomy":"category","embeddable":true,"href":"https:\/\/www.europesays.com\/fr\/wp-json\/wp\/v2\/categories?post=617564"},{"taxonomy":"post_tag","embeddable":true,"href":"https:\/\/www.europesays.com\/fr\/wp-json\/wp\/v2\/tags?post=617564"}],"curies":[{"name":"wp","href":"https:\/\/api.w.org\/{rel}","templated":true}]}}