{"id":617568,"date":"2025-12-23T09:22:17","date_gmt":"2025-12-23T09:22:17","guid":{"rendered":"https:\/\/www.europesays.com\/fr\/617568\/"},"modified":"2025-12-23T09:22:17","modified_gmt":"2025-12-23T09:22:17","slug":"dossier-la-france-et-leurope-face-a-la-vague-commerciale-chinoise","status":"publish","type":"post","link":"https:\/\/www.europesays.com\/fr\/617568\/","title":{"rendered":"Dossier\u00a0: La France et l\u2019Europe face \u00e0 la vague commerciale chinoise"},"content":{"rendered":"<p><strong>Les relations commerciales entre la Chine et l\u2019Europe se sont encore un peu plus tendues ces derniers mois, notamment en raison de la pr\u00e9pond\u00e9rance des questions g\u00e9opolitiques, en atteste la r\u00e9cente visite d\u2019Emmanuel Macron dans l\u2019ex-Empire du Milieu, mais aussi de la r\u00e9orientation des exportations chinoises vers l\u2019Europe. A cela s\u2019ajoute les enqu\u00eates anti-dumping, les hausses de droits de douane, le quasi-monopole chinois sur les terres rares, les taxes sur les petits colis\u2026 Malgr\u00e9 tout, la Chine demeure une destination de choix pour les exportateurs du Vieux continent. <\/strong><\/p>\n<p>Les autorit\u00e9s chinoises ont annonc\u00e9 le 16 d\u00e9cembre la mise en place de <strong>droits de douane <\/strong>antidumping allant de 4,9% \u00e0 19,8% sur le porc europ\u00e9en. De son c\u00f4t\u00e9, Bruxelles a impos\u00e9 des <strong>mesures anti-dumping<\/strong> sur les vis sans t\u00eate et les patins de chenille en acier made in China. Cette nouvelle passe d\u2019armes s\u2019inscrit dans la droite des lignes des enqu\u00eates et mesures douani\u00e8res prises par les deux blocs sur les voitures \u00e9lectriques, le cognac ou encore les produits laitiers.<\/p>\n<p>Fait nouveau, cependant\u00a0: en raison de la mise en place de <strong>droits de douanes par l\u2019administration Trump<\/strong> sur les marchandises chinoises, les entreprises de l\u2019ex-Empire du Milieu, \u00e0 la recherche de relais de croissance, ont jet\u00e9 leur d\u00e9volu sur l\u2019Europe. Tant et si bien que cette derni\u00e8re craint <strong>une d\u00e9ferlante de biens de consommation<\/strong> bons march\u00e9, qui arrive notamment via l\u2019e-commerce. L\u2019UE a eu beau mettre en place <strong>une taxe de trois euros par petit colis<\/strong>, il n\u2019est pas certain qu\u2019elle endigue ce flux colossal de marchandises\u2026<\/p>\n<p>Dans ce contexte, et malgr\u00e9 une consommation des m\u00e9nages qu\u2019on attend toujours de voir vraiment d\u00e9coller, la Chine reste <strong>un march\u00e9 incontournable<\/strong> pour les entreprises fran\u00e7aises et europ\u00e9ennes, quelle que soit leur taille.<\/p>\n<p>Pour revenir sur ces enjeux complexes, voici une s\u00e9lection d\u2019article parus ces derniers mois sur notre site et diffus\u00e9s via nos newsletters hebdomadaires <strong>L\u2019Info Export <\/strong>et <strong>Daf Export<\/strong>.<\/p>\n<p><strong>D\u00e9cembre <\/strong><\/p>\n<p><strong>Novembre <\/strong><\/p>\n<p><strong>Octobre <\/strong><\/p>\n<p><strong>Septembre <\/strong><\/p>\n<p>\u00a0Sophie Creusillet\u00a0<\/p>\n","protected":false},"excerpt":{"rendered":"Les relations commerciales entre la Chine et l\u2019Europe se sont encore un peu plus tendues ces derniers mois,&hellip;\n","protected":false},"author":2,"featured_media":617569,"comment_status":"","ping_status":"","sticky":false,"template":"","format":"standard","meta":{"footnotes":""},"categories":[1586],"tags":[11,309,2388,7027,72796,1777,674,1011,27,12,25,20566],"class_list":{"0":"post-617568","1":"post","2":"type-post","3":"status-publish","4":"format-standard","5":"has-post-thumbnail","7":"category-europe","8":"tag-actualites","9":"tag-chine","10":"tag-droits-de-douane","11":"tag-e-commerce","12":"tag-enquete-antidumping","13":"tag-eu","14":"tag-europe","15":"tag-fr","16":"tag-france","17":"tag-news","18":"tag-republique-francaise","19":"tag-terres-rares"},"share_on_mastodon":{"url":"https:\/\/pubeurope.com\/@fr\/115768154087366418","error":""},"_links":{"self":[{"href":"https:\/\/www.europesays.com\/fr\/wp-json\/wp\/v2\/posts\/617568","targetHints":{"allow":["GET"]}}],"collection":[{"href":"https:\/\/www.europesays.com\/fr\/wp-json\/wp\/v2\/posts"}],"about":[{"href":"https:\/\/www.europesays.com\/fr\/wp-json\/wp\/v2\/types\/post"}],"author":[{"embeddable":true,"href":"https:\/\/www.europesays.com\/fr\/wp-json\/wp\/v2\/users\/2"}],"replies":[{"embeddable":true,"href":"https:\/\/www.europesays.com\/fr\/wp-json\/wp\/v2\/comments?post=617568"}],"version-history":[{"count":0,"href":"https:\/\/www.europesays.com\/fr\/wp-json\/wp\/v2\/posts\/617568\/revisions"}],"wp:featuredmedia":[{"embeddable":true,"href":"https:\/\/www.europesays.com\/fr\/wp-json\/wp\/v2\/media\/617569"}],"wp:attachment":[{"href":"https:\/\/www.europesays.com\/fr\/wp-json\/wp\/v2\/media?parent=617568"}],"wp:term":[{"taxonomy":"category","embeddable":true,"href":"https:\/\/www.europesays.com\/fr\/wp-json\/wp\/v2\/categories?post=617568"},{"taxonomy":"post_tag","embeddable":true,"href":"https:\/\/www.europesays.com\/fr\/wp-json\/wp\/v2\/tags?post=617568"}],"curies":[{"name":"wp","href":"https:\/\/api.w.org\/{rel}","templated":true}]}}