{"id":617570,"date":"2025-12-23T09:23:11","date_gmt":"2025-12-23T09:23:11","guid":{"rendered":"https:\/\/www.europesays.com\/fr\/617570\/"},"modified":"2025-12-23T09:23:11","modified_gmt":"2025-12-23T09:23:11","slug":"lue-affirme-lintegrite-du-territoire-danois-apres-que-les-etats-unis-ont-nomme-un-representant-special-pour-le-groenland","status":"publish","type":"post","link":"https:\/\/www.europesays.com\/fr\/617570\/","title":{"rendered":"L&rsquo;UE affirme l&rsquo;int\u00e9grit\u00e9 du territoire danois apr\u00e8s que les \u00c9tats-Unis ont nomm\u00e9 un repr\u00e9sentant sp\u00e9cial pour le Groenland"},"content":{"rendered":"<p>JAKARTA &#8211; Le porte-parole de l&rsquo;Union europ\u00e9enne a d\u00e9clar\u00e9 lundi que le maintien de l&rsquo;int\u00e9grit\u00e9 territoriale, de la souverainet\u00e9 et de l&rsquo;immunit\u00e9 des fronti\u00e8res du Danemark \u00e9tait \u00ab essentiel \u00bb pour le bloc, \u00e0 la suite de l&rsquo;\u00e9volution de la situation concernant le Groenland, une r\u00e9gion autonome du Danemark.<\/p>\n<p>S&rsquo;exprimant lors d&rsquo;une conf\u00e9rence de presse de midi \u00e0 Bruxelles, le porte-parole de la Commission europ\u00e9enne, Anouar El Anouni, s&rsquo;est abstenu de commenter directement la mesure des \u00c9tats-Unis annon\u00e7ant la nomination d&rsquo;un repr\u00e9sentant sp\u00e9cial pour le Groenland, soulignant la position de longue date de l&rsquo;Union europ\u00e9enne sur cette question.<\/p>\n<p>Cette d\u00e9claration a \u00e9t\u00e9 faite apr\u00e8s que le pr\u00e9sident am\u00e9ricain Donald Trump a annonc\u00e9 dimanche la nomination d&rsquo;un repr\u00e9sentant sp\u00e9cial pour la r\u00e9gion autonome.<\/p>\n<p>\u00ab Ce n\u2019est pas mon devoir ici de commenter la d\u00e9cision des \u00c9tats-Unis, mais ce que je peux dire sur la position de l\u2019Union europ\u00e9enne est le suivant, qui est notre position depuis longtemps sur cette question, que le maintien de l\u2019int\u00e9grit\u00e9 territoriale du Royaume du Danemark, de sa souverainet\u00e9 et de son immunit\u00e9 de fronti\u00e8re est important pour l\u2019Union europ\u00e9enne \u00bb, a d\u00e9clar\u00e9 El Anouni, rapporte Anadolu (23\/12).<\/p>\n<p>Le Danemark lui-m\u00eame a annonc\u00e9 qu&rsquo;il convoquerait l&rsquo;ambassadeur des \u00c9tats-Unis \u00e0 Copenhague, Kenneth A. Howery, pour lui donner des explications apr\u00e8s que le gouverneur de la Louisiane, Jeff Landry, ait \u00e9t\u00e9 nomm\u00e9 repr\u00e9sentant sp\u00e9cial pour le Groenland.<\/p>\n<p>Le ministre des Affaires \u00e9trang\u00e8res danois, Lars Lokke Rasmussen, a d\u00e9crit la mesure am\u00e9ricaine comme \u00ab tout \u00e0 fait inacceptable \u00bb, la d\u00e9cision de rappeler l\u2019ambassadeur am\u00e9ricain ayant \u00e9t\u00e9 prise apr\u00e8s consultation des autorit\u00e9s groenlandaises.<\/p>\n<p>Le ministre a soulign\u00e9 que le Danemark voulait une explication compl\u00e8te de la raison pour laquelle Washington avait nomm\u00e9 un repr\u00e9sentant sp\u00e9cial pour le Groenland, alors qu&rsquo;il avait d\u00e9j\u00e0 un ambassadeur dans le pays.<\/p>\n<p>Il est connu que le Groenland, qui \u00e9tait autrefois une colonie danoise, a obtenu l&rsquo;autonomie en 1979 et reste un territoire danois.<\/p>\n<p>En 2009, un r\u00e9f\u00e9rendum a approuv\u00e9 la loi sur l&rsquo;autonomie gouvernementale, qui a accord\u00e9 une plus grande autonomie au Groenland tandis que le Danemark conservait le contr\u00f4le des affaires \u00e9trang\u00e8res, de la d\u00e9fense et de la s\u00e9curit\u00e9.<\/p>\n<p>The English, Chinese, Japanese, Arabic, and French versions are automatically generated by the AI. So there may still be inaccuracies in translating, please always see Indonesian as our main language.<br \/>\n                                    (system supported by DigitalSiber.id)<\/p>\n","protected":false},"excerpt":{"rendered":"JAKARTA &#8211; Le porte-parole de l&rsquo;Union europ\u00e9enne a d\u00e9clar\u00e9 lundi que le maintien de l&rsquo;int\u00e9grit\u00e9 territoriale, de la&hellip;\n","protected":false},"author":2,"featured_media":617571,"comment_status":"","ping_status":"","sticky":false,"template":"","format":"standard","meta":{"footnotes":""},"categories":[1586],"tags":[11,145,75,1866,1777,674,1779,1011,27,8906,14,12,25,1778,72797,364],"class_list":{"0":"post-617570","1":"post","2":"type-post","3":"status-publish","4":"format-standard","5":"has-post-thumbnail","7":"category-europe","8":"tag-actualites","9":"tag-danemark","10":"tag-donald-trump","11":"tag-etats-unis-damerique","12":"tag-eu","13":"tag-europe","14":"tag-european-union","15":"tag-fr","16":"tag-france","17":"tag-grece","18":"tag-international","19":"tag-news","20":"tag-republique-francaise","21":"tag-ue","22":"tag-uni-europe","23":"tag-union-europeenne"},"share_on_mastodon":{"url":"https:\/\/pubeurope.com\/@fr\/115768158129026067","error":""},"_links":{"self":[{"href":"https:\/\/www.europesays.com\/fr\/wp-json\/wp\/v2\/posts\/617570","targetHints":{"allow":["GET"]}}],"collection":[{"href":"https:\/\/www.europesays.com\/fr\/wp-json\/wp\/v2\/posts"}],"about":[{"href":"https:\/\/www.europesays.com\/fr\/wp-json\/wp\/v2\/types\/post"}],"author":[{"embeddable":true,"href":"https:\/\/www.europesays.com\/fr\/wp-json\/wp\/v2\/users\/2"}],"replies":[{"embeddable":true,"href":"https:\/\/www.europesays.com\/fr\/wp-json\/wp\/v2\/comments?post=617570"}],"version-history":[{"count":0,"href":"https:\/\/www.europesays.com\/fr\/wp-json\/wp\/v2\/posts\/617570\/revisions"}],"wp:featuredmedia":[{"embeddable":true,"href":"https:\/\/www.europesays.com\/fr\/wp-json\/wp\/v2\/media\/617571"}],"wp:attachment":[{"href":"https:\/\/www.europesays.com\/fr\/wp-json\/wp\/v2\/media?parent=617570"}],"wp:term":[{"taxonomy":"category","embeddable":true,"href":"https:\/\/www.europesays.com\/fr\/wp-json\/wp\/v2\/categories?post=617570"},{"taxonomy":"post_tag","embeddable":true,"href":"https:\/\/www.europesays.com\/fr\/wp-json\/wp\/v2\/tags?post=617570"}],"curies":[{"name":"wp","href":"https:\/\/api.w.org\/{rel}","templated":true}]}}