{"id":617584,"date":"2025-12-23T09:35:14","date_gmt":"2025-12-23T09:35:14","guid":{"rendered":"https:\/\/www.europesays.com\/fr\/617584\/"},"modified":"2025-12-23T09:35:14","modified_gmt":"2025-12-23T09:35:14","slug":"un-spectateur-vapote-a-la-figure-de-mathieu-van-der-poel-et-suscite-lindignation","status":"publish","type":"post","link":"https:\/\/www.europesays.com\/fr\/617584\/","title":{"rendered":"Un spectateur vapote \u00e0 la figure de Mathieu Van\u00a0der\u00a0Poel et suscite l\u2019indignation"},"content":{"rendered":"<p>Une victoire et un geste idiot d\u2019un spectateur \u00e0 son \u00e9gard, bref, <a href=\"https:\/\/www.20minutes.fr\/sport\/mathieu-van-der-poel\/\" class=\"c-link c-link--is-underlined\" target=\"_blank\" rel=\"noopener\">une journ\u00e9e de plus au travail pour Mathieu Van\u00a0der\u00a0Poel<\/a>. Le N\u00e9erlandais a remport\u00e9 le troph\u00e9e X20 de Hofstade, en Belgique, en devan\u00e7ant son rival Wout Van\u00a0Aert et en esquivant les pi\u00e8ges fa\u00e7on Mario Kart d\u2019un spectateur qui a profit\u00e9 de son passage pr\u00e8s des barri\u00e8res pour lui vapoter \u00e0 la gueule. On soulignera tout de m\u00eame le sens du timing du bonhomme, qui n\u2019a d\u2019\u00e9gal que sa stupidit\u00e9.<\/p>\n<p class=\"mb-m@xs text-l@xs\">En cliquant sur\u00ab J\u2019accepte \u00bb, vous acceptez le d\u00e9p\u00f4t de cookies par des services externes et aurez ainsi acc\u00e8s aux contenus de nos partenaires.<\/p>\n<p class=\"mb-xl@xs text-s@xs\">Plus d\u2019informations sur la page<a href=\"https:\/\/www.20minutes.fr\/gestion-cookies\" class=\"mx-xxs@xs color-ultramarine\" target=\"_blank\" rel=\"noopener\">Politique de gestion des cookies<\/a><\/p>\n<p>J\u2019accepte<\/p>\n<p>Surpris, Van der Poel a rapidement tourn\u00e9 la t\u00eate, mais fort heureusement, il en faut bien plus <a href=\"https:\/\/www.20minutes.fr\/sport\/3071859-20210627-tour-france-2021-poulidor-revait-petit-fils-mathieu-van-der-poel-fait\" class=\"c-link c-link--is-underlined\" target=\"_blank\" rel=\"noopener\">pour faire tomber le petit-fils Poulidor<\/a>. D\u2019autant plus que ce dernier \u00e0 d\u00e9j\u00e0 eu affaire \u00e0 pire, entre crachats, jets de bi\u00e8re et d\u2019urine.<\/p>\n<p>Van der Poel vainqueur, Van Aert 2e<\/p>\n<p>Micro-\u00e9v\u00e9nement mis \u00e0 part, la course a offert son lot de spectacle \u00e0 l\u2019image du combat entre MVDP et un autre crack du cyclisme sur route, Thibau Nys, longtemps rest\u00e9 dans la roue du champion du monde. Mais le Belge a fini par exploser et a m\u00eame termin\u00e9 hors du podium \u00e0 plus d\u2019une minute de Van der Poel.<\/p>\n<\/p>\n<p>Wout Van\u00a0Aert a quant \u00e0 lui mieux g\u00e9r\u00e9 sa course\u00a0: <a href=\"https:\/\/www.total-velo.com\/x2o-trofee-2025-2026-hofstade-4-resultats-et-classement-elites-hommes-mathieu-van-der-poel-1e\/\" rel=\"nofollow noopener\" target=\"_blank\" class=\"c-link c-link--is-underlined\">deuxi\u00e8me \u00e0 48 secondes de la machine d\u2019Alpecin<\/a>, le vainqueur de la derni\u00e8re \u00e9tape du Tour de France 2025 d\u00e9montre qu\u2019il est lui aussi en tr\u00e8s grande forme.<\/p>\n","protected":false},"excerpt":{"rendered":"Une victoire et un geste idiot d\u2019un spectateur \u00e0 son \u00e9gard, bref, une journ\u00e9e de plus au travail&hellip;\n","protected":false},"author":2,"featured_media":617585,"comment_status":"","ping_status":"","sticky":false,"template":"","format":"standard","meta":{"footnotes":""},"categories":[1411],"tags":[828,1154,207,1011,27,4385,517,60,11698],"class_list":{"0":"post-617584","1":"post","2":"type-post","3":"status-publish","4":"format-standard","5":"has-post-thumbnail","7":"category-cyclisme","8":"tag-belgique","9":"tag-cycling","10":"tag-cyclisme","11":"tag-fr","12":"tag-france","13":"tag-mathieu-van-der-poel","14":"tag-sport","15":"tag-sports","16":"tag-wout-van-aert"},"share_on_mastodon":{"url":"https:\/\/pubeurope.com\/@fr\/115768205363281362","error":""},"_links":{"self":[{"href":"https:\/\/www.europesays.com\/fr\/wp-json\/wp\/v2\/posts\/617584","targetHints":{"allow":["GET"]}}],"collection":[{"href":"https:\/\/www.europesays.com\/fr\/wp-json\/wp\/v2\/posts"}],"about":[{"href":"https:\/\/www.europesays.com\/fr\/wp-json\/wp\/v2\/types\/post"}],"author":[{"embeddable":true,"href":"https:\/\/www.europesays.com\/fr\/wp-json\/wp\/v2\/users\/2"}],"replies":[{"embeddable":true,"href":"https:\/\/www.europesays.com\/fr\/wp-json\/wp\/v2\/comments?post=617584"}],"version-history":[{"count":0,"href":"https:\/\/www.europesays.com\/fr\/wp-json\/wp\/v2\/posts\/617584\/revisions"}],"wp:featuredmedia":[{"embeddable":true,"href":"https:\/\/www.europesays.com\/fr\/wp-json\/wp\/v2\/media\/617585"}],"wp:attachment":[{"href":"https:\/\/www.europesays.com\/fr\/wp-json\/wp\/v2\/media?parent=617584"}],"wp:term":[{"taxonomy":"category","embeddable":true,"href":"https:\/\/www.europesays.com\/fr\/wp-json\/wp\/v2\/categories?post=617584"},{"taxonomy":"post_tag","embeddable":true,"href":"https:\/\/www.europesays.com\/fr\/wp-json\/wp\/v2\/tags?post=617584"}],"curies":[{"name":"wp","href":"https:\/\/api.w.org\/{rel}","templated":true}]}}