{"id":617589,"date":"2025-12-23T09:38:35","date_gmt":"2025-12-23T09:38:35","guid":{"rendered":"https:\/\/www.europesays.com\/fr\/617589\/"},"modified":"2025-12-23T09:38:35","modified_gmt":"2025-12-23T09:38:35","slug":"redonner-confiance-par-limage-a-carhaix-une-photographe-fait-du-portrait-un-outil-destime-de-soi","status":"publish","type":"post","link":"https:\/\/www.europesays.com\/fr\/617589\/","title":{"rendered":"\u00ab\u00a0Redonner confiance par l\u2019image\u00a0\u00bb\u00a0: \u00e0 Carhaix une photographe fait du portrait un outil d\u2019estime de soi"},"content":{"rendered":"<p>Une nouvelle photographe vient de poser ses valises \u00e0 Carhaix, apportant avec elle un large \u00e9ventail de prestations et une vision profond\u00e9ment humaine du m\u00e9tier. Arriv\u00e9e dans le Poher pour des raisons personnelles apr\u00e8s cinq ann\u00e9es d\u2019activit\u00e9 dans le Sud-Finist\u00e8re, B\u00e9n\u00e9dicte Lebeau, entend d\u00e9sormais se faire une place dans le paysage centre breton avec un travail centr\u00e9 sur le portrait et la mise en valeur de chacun.<\/p>\n<p>Passionn\u00e9e de photographie depuis l\u2019adolescence \u2014 \u00e9poque o\u00f9 elle aimait d\u00e9j\u00e0 \u00ab\u00a0tirer le portrait\u00a0\u00bb de ses proches \u2014 la jeune femme de 31 ans a d\u00e9croch\u00e9 un BTM (Brevet technique des m\u00e9tiers) photographe \u00e0 Paris avant de se lancer \u00e0 son compte en mai 2020 \u00e0 Pont-l\u2019Abb\u00e9.<\/p>\n<p>Nombreuses prestations<\/p>\n<p>Aujourd\u2019hui c\u2019est \u00e0 Carhaix qu\u2019elle poursuit l\u2019aventure, forte d\u2019une micro-entreprise d\u00e9j\u00e0 bien rod\u00e9e, Au Pixel Pr\u00e8s, et d\u2019une pratique en constante \u00e9volution.<\/p>\n<p>Dans son nouveau studio install\u00e9 \u00e0 son domicile, B\u00e9n\u00e9dicte Lebeau propose une palette de services particuli\u00e8rement large\u00a0: portraits artistiques, couverture d\u2019\u00e9v\u00e9nements familiaux \u2014 mariages, bapt\u00eames, communions, naissances ou enterrements de vie de jeune fille \u2014 mais aussi photos d\u2019identit\u00e9 ou mini-shootings saisonniers, comme les traditionnelles s\u00e9ances de No\u00ebl.<\/p>\n<p><img decoding=\"async\" src=\"https:\/\/www.europesays.com\/fr\/wp-content\/uploads\/2025\/12\/694823a5aebb3cab2c0fa200.1.jpeg\" width=\"480\" height=\"300\" class=\"web_golden_m\" loading=\"lazy\" alt=\"Au-del\u00e0 du portrait\u00a0: B\u00e9n\u00e9dicte Lebeau entend aider chacun \u00e0 se r\u00e9concilier avec son image.\"\/>Au-del\u00e0 du portrait\u00a0: B\u00e9n\u00e9dicte Lebeau entend aider chacun \u00e0 se r\u00e9concilier avec son image. (Le T\u00e9l\u00e9gramme\/Nathalie Com)<\/p>\n<p>Un ensemble de prestations qui r\u00e9pond aux besoins du quotidien comme aux moments importants de la vie.<\/p>\n<p>Photos d\u2019iris, lithophanie<\/p>\n<p>La photographe d\u00e9veloppe \u00e9galement des offres plus originales, qui attirent d\u00e9j\u00e0 la curiosit\u00e9. Depuis peu, elle r\u00e9alise ainsi de la photographie d\u2019iris gr\u00e2ce \u00e0 un mat\u00e9riel professionnel de haute pr\u00e9cision. \u00ab\u00a0C\u2019est un proc\u00e9d\u00e9 qui permet de transformer l\u2019\u0153il en une v\u00e9ritable \u0153uvre d\u2019art, unique et personnalis\u00e9e. Gr\u00e2ce \u00e0 des retouches sur ordinateur on enl\u00e8ve tout le superflu\u00a0: blanc de l\u2019\u0153il, cil, paumi\u00e8re\u00a0\u00bb, explique la jeune femme. Autre nouveaut\u00e9, la lithophanie, qu\u2019elle propose en partenariat avec son conjoint. \u00ab\u00a0Gr\u00e2ce \u00e0 une imprimante 3D, des images en relief au format carr\u00e9 prennent forme et se r\u00e9v\u00e8lent pleinement lorsqu\u2019elles sont \u00e9clair\u00e9es\u00a0\u00bb, pr\u00e9cise la jeune femme. Une mani\u00e8re innovante de redonner vie \u00e0 une photo sous une forme in\u00e9dite.<\/p>\n<p><img decoding=\"async\" src=\"https:\/\/www.europesays.com\/fr\/wp-content\/uploads\/2025\/12\/694823a53ca5b46ad20f0e80.1.jpeg\" width=\"480\" height=\"300\" class=\"web_golden_m\" loading=\"lazy\" alt=\"Parmi les offres originales propos\u00e9es\u00a0: la lithophanie. Gr\u00e2ce \u00e0 une imprimante 3D, des images en relief au format carr\u00e9 prennent forme et se r\u00e9v\u00e8lent pleinement lorsqu\u2019elles sont \u00e9clair\u00e9es.\"\/>Parmi les offres originales propos\u00e9es\u00a0: la lithophanie. Gr\u00e2ce \u00e0 une imprimante 3D, des images en relief au format carr\u00e9 prennent forme et se r\u00e9v\u00e8lent pleinement lorsqu\u2019elles sont \u00e9clair\u00e9es. (Le T\u00e9l\u00e9gramme\/Nathalie Com)Se r\u00e9concilier avec son image devant l\u2019objectif<\/p>\n<p>Pour la n\u00e9o-Carhaisienne, l\u2019humain demeure le c\u0153ur de son m\u00e9tier de photographe. Elle dit aimer la diversit\u00e9 des rencontres et la richesse de chaque histoire qu\u2019on lui confie. B\u00e9n\u00e9dicte cherche \u00e0 capter l\u2019authenticit\u00e9, la personnalit\u00e9, parfois m\u00eame la vuln\u00e9rabilit\u00e9 de ceux qui passent devant son objectif. \u00ab\u00a0C\u2019est ce qui rend chaque s\u00e9ance unique. Mon objectif est toujours de capturer l\u2019essence de chaque personne, de r\u00e9v\u00e9ler son univers et ses \u00e9motions \u00e0 travers une image. La photographie est un moyen puissant de se reconnecter \u00e0 soi-m\u00eame.\u00a0\u00bb<\/p>\n<p><img decoding=\"async\" src=\"https:\/\/www.europesays.com\/fr\/wp-content\/uploads\/2025\/12\/694823a558d381e1aa0f6073.1.jpeg\" width=\"480\" height=\"300\" class=\"web_golden_m\" loading=\"lazy\" alt=\"Apr\u00e8s avoir fond\u00e9 sa soci\u00e9t\u00e9 Au Pixel Pr\u00e8s en 2020 \u00e0 Pont L\u2019Abb\u00e9, B\u00e9n\u00e9dicte Lebeau a d\u00e9cid\u00e9 de s\u2019installer \u00e0 Carhaix.\"\/>Apr\u00e8s avoir fond\u00e9 sa soci\u00e9t\u00e9 Au Pixel Pr\u00e8s en 2020 \u00e0 Pont L\u2019Abb\u00e9, B\u00e9n\u00e9dicte Lebeau a d\u00e9cid\u00e9 de s\u2019installer \u00e0 Carhaix. (Le T\u00e9l\u00e9gramme\/Nathalie Com)<\/p>\n<p>C\u2019est d\u2019ailleurs ce qui l\u2019a conduite \u00e0 d\u00e9velopper ce qu\u2019elle appelle sa \u00ab\u00a0formule confiance en soi\u00a0\u00bb, une s\u00e9ance sp\u00e9cialement pens\u00e9e pour accompagner celles et ceux qui souhaitent se r\u00e9concilier avec leur image. L\u2019objectif\u00a0: leur redonner assurance et valoriser la mani\u00e8re dont ils ou elles se per\u00e7oivent. Cette id\u00e9e lui est venue apr\u00e8s avoir rencontr\u00e9 des personnes manquant d\u2019estime d\u2019elles-m\u00eames et qu\u2019elle a vues, au fil de la s\u00e9ance, \u00ab\u00a0se d\u00e9tendre et s\u2019ouvrir aux autres\u00a0\u00bb. Timide elle-m\u00eame, B\u00e9n\u00e9dicte explique chercher constamment \u00e0 sortir de sa zone de confort \u2014 un chemin qu\u2019elle souhaite d\u00e9sormais partager avec ses mod\u00e8les.<\/p>\n<p>Pratique<\/p>\n<p class=\"note\">Pour toute information et r\u00e9servation, t\u00e9l. 07\u00a083\u00a051\u00a071\u00a091. ou aupixelpres@outlook.fr<\/p>\n","protected":false},"excerpt":{"rendered":"Une nouvelle photographe vient de poser ses valises \u00e0 Carhaix, apportant avec elle un large \u00e9ventail de prestations&hellip;\n","protected":false},"author":2,"featured_media":617590,"comment_status":"","ping_status":"","sticky":false,"template":"","format":"standard","meta":{"footnotes":""},"categories":[1358],"tags":[3734,1348,1384,1385,5934,1386,58,59,1011,27,1756],"class_list":{"0":"post-617589","1":"post","2":"type-post","3":"status-publish","4":"format-standard","5":"has-post-thumbnail","7":"category-arts-et-design","8":"tag-art","9":"tag-arts","10":"tag-arts-and-design","11":"tag-arts-et-design","12":"tag-carhaix-plouguer","13":"tag-design","14":"tag-divertissement","15":"tag-entertainment","16":"tag-fr","17":"tag-france","18":"tag-photographie"},"share_on_mastodon":{"url":"https:\/\/pubeurope.com\/@fr\/115768218927428691","error":""},"_links":{"self":[{"href":"https:\/\/www.europesays.com\/fr\/wp-json\/wp\/v2\/posts\/617589","targetHints":{"allow":["GET"]}}],"collection":[{"href":"https:\/\/www.europesays.com\/fr\/wp-json\/wp\/v2\/posts"}],"about":[{"href":"https:\/\/www.europesays.com\/fr\/wp-json\/wp\/v2\/types\/post"}],"author":[{"embeddable":true,"href":"https:\/\/www.europesays.com\/fr\/wp-json\/wp\/v2\/users\/2"}],"replies":[{"embeddable":true,"href":"https:\/\/www.europesays.com\/fr\/wp-json\/wp\/v2\/comments?post=617589"}],"version-history":[{"count":0,"href":"https:\/\/www.europesays.com\/fr\/wp-json\/wp\/v2\/posts\/617589\/revisions"}],"wp:featuredmedia":[{"embeddable":true,"href":"https:\/\/www.europesays.com\/fr\/wp-json\/wp\/v2\/media\/617590"}],"wp:attachment":[{"href":"https:\/\/www.europesays.com\/fr\/wp-json\/wp\/v2\/media?parent=617589"}],"wp:term":[{"taxonomy":"category","embeddable":true,"href":"https:\/\/www.europesays.com\/fr\/wp-json\/wp\/v2\/categories?post=617589"},{"taxonomy":"post_tag","embeddable":true,"href":"https:\/\/www.europesays.com\/fr\/wp-json\/wp\/v2\/tags?post=617589"}],"curies":[{"name":"wp","href":"https:\/\/api.w.org\/{rel}","templated":true}]}}