{"id":617606,"date":"2025-12-23T09:50:14","date_gmt":"2025-12-23T09:50:14","guid":{"rendered":"https:\/\/www.europesays.com\/fr\/617606\/"},"modified":"2025-12-23T09:50:14","modified_gmt":"2025-12-23T09:50:14","slug":"a-gaza-des-palestiniens-sous-les-bombes-du-cote-israelien-de-la-ligne-jaune-actualites","status":"publish","type":"post","link":"https:\/\/www.europesays.com\/fr\/617606\/","title":{"rendered":"A Gaza, des Palestiniens sous les bombes du c\u00f4t\u00e9 isra\u00e9lien de la \u00ab\u00a0ligne jaune\u00a0\u00bb : Actualit\u00e9s"},"content":{"rendered":"<p class=\"lead \">\u00ab\u00a0O\u00f9 pouvons-nous aller?\u00a0\u00bb Quand ses enfants l&rsquo;interrogent, Oum Ahmed ne sait que r\u00e9pondre dans son village en ruine du sud de la bande de Gaza, o\u00f9 des bombardements de l&rsquo;arm\u00e9e isra\u00e9lienne mettent \u00e0 mal le cessez-le-feu pr\u00e9caire.<\/p>\n<p class=\"lead \">Dans la r\u00e9gion de Khan Youn\u00e8s, frappes a\u00e9riennes et tirs d&rsquo;artillerie se poursuivent sur des secteurs \u00e0 l&rsquo;est de la ville, qui se trouvent c\u00f4t\u00e9 isra\u00e9lien de la \u00ab\u00a0Ligne jaune\u00a0\u00bb.<\/p>\n<p class=\"lead \">Cette ligne s\u00e9pare la bande de Gaza entre une partie est occup\u00e9e par les troupes isra\u00e9liennes, qui repr\u00e9sente plus de la moiti\u00e9 du territoire, et un secteur ouest dont elles se sont retir\u00e9es en vertu de l&rsquo;accord de tr\u00eave avec le mouvement islamiste palestinien Hamas, en vigueur depuis le 10 octobre.<\/p>\n<p class=\"lead \">L&rsquo;arm\u00e9e isra\u00e9lienne a accus\u00e9 mardi le Hamas de \u00ab\u00a0franchir la ligne jaune pour mener des activit\u00e9s terroristes\u00a0\u00bb.<\/p>\n<p class=\"lead \">Dans la zone tenue par l&rsquo;arm\u00e9e isra\u00e9lienne, des dizaines de milliers de Gazaouis vivent sous des tentes ou dans des maisons endommag\u00e9es par deux ann\u00e9es d&rsquo;une guerre d\u00e9vastatrice.<\/p>\n<p class=\"lead \">Des habitants interrog\u00e9s par l&rsquo;AFP craignent d&rsquo;\u00eatre contraints de quitter leur village pour se rendre \u00e0 l&rsquo;ouest de cette ligne de d\u00e9marcation.<\/p>\n<p class=\"lead \">&#8211; \u00ab\u00a0Bombardements incessants\u00a0\u00bb &#8211;<\/p>\n<p class=\"lead \">\u00ab\u00a0On ne dort pas de la nuit \u00e0 cause de la peur, les bombardements sont incessants\u00a0\u00bb, l\u00e2che Oum Ahmed, 40 ans.<\/p>\n<p class=\"lead \">\u00ab\u00a0Mes enfants tremblent \u00e0 chaque explosion et me demandent: +o\u00f9 pouvons-nous aller?+ Et je n&rsquo;ai pas de r\u00e9ponse\u00a0\u00bb, poursuit cette m\u00e8re de cinq enfants.<\/p>\n<p class=\"lead \">Elle explique que sa famille habite sous une tente pr\u00e8s de leur maison \u00ab\u00a0totalement d\u00e9truite\u00a0\u00bb. C&rsquo;est \u00ab\u00a0plus facile que d&rsquo;affronter l&rsquo;inconnu\u00a0\u00bb, souffle-t-elle.<\/p>\n<p class=\"lead \">Oum Ahmed n&rsquo;envisage pas de franchir la \u00ab\u00a0ligne jaune\u00a0\u00bb pour aller dans la r\u00e9gion d&rsquo;al-Mawassi, \u00e0 l&rsquo;ouest de Khan Youn\u00e8s, o\u00f9 les tentes s&rsquo;alignent \u00e0 perte de vue, dans des camps de fortune accueillant des Palestiniens ayant fui les combats.<\/p>\n<p class=\"lead \">\u00ab\u00a0Il n&rsquo;y a plus de place pour personne, ni suffisamment de nourriture ou d&rsquo;eau\u00a0\u00bb, estime-t-elle, alors que Gaza continue \u00e0 \u00eatre en proie \u00e0 une grave crise humanitaire.<\/p>\n<p class=\"lead \">La guerre a \u00e9t\u00e9 d\u00e9clench\u00e9e le 7 octobre 2023 par une attaque sans pr\u00e9c\u00e9dent du Hamas en Isra\u00ebl ayant entra\u00een\u00e9 la mort de plus de 1.200 personnes, en majorit\u00e9 des civils, selon un bilan \u00e9tabli par l&rsquo;AFP \u00e0 partir de chiffres officiels.<\/p>\n<p class=\"lead \">Elle a fait plus de 70.000 morts, d&rsquo;apr\u00e8s les chiffres du minist\u00e8re de la Sant\u00e9 du Hamas, jug\u00e9s fiables par l&rsquo;ONU, et d\u00e9plac\u00e9 l&rsquo;\u00e9crasante majorit\u00e9 des 2,2 millions d&rsquo;habitants.<\/p>\n<p class=\"lead \">\u00ab\u00a0La ligne jaune constitue une nouvelle fronti\u00e8re \u2014 une ligne de d\u00e9fense avanc\u00e9e pour les localit\u00e9s (isra\u00e9liennes) et une ligne d&rsquo;attaque\u00a0\u00bb, affirmait d\u00e9but d\u00e9cembre le chef d&rsquo;\u00e9tat-major de l&rsquo;arm\u00e9e isra\u00e9lienne, Eyal Zamir, s&rsquo;exprimant \u00e0 Gaza face \u00e0 des r\u00e9servistes.<\/p>\n<p class=\"lead \">Interrog\u00e9e par l&rsquo;AFP sur les craintes palestiniennes, l&rsquo;arm\u00e9e isra\u00e9lienne a dit mardi \u00eatre d\u00e9ploy\u00e9e \u00ab\u00a0conform\u00e9ment \u00e0 l&rsquo;accord de cessez-le-feu\u00a0\u00bb et accus\u00e9 le mouvement islamiste de \u00ab\u00a0franchir la ligne jaune pour mener des activit\u00e9s terroristes.\u00a0\u00bb<\/p>\n<p class=\"lead \">&#8211; \u00ab\u00a0Menaces directes\u00a0\u00bb &#8211;<\/p>\n<p class=\"lead \">Elle affirme que ses op\u00e9rations \u00e0 Gaza, \u00ab\u00a0en particulier le d\u00e9ploiement dans le secteur de la ligne jaune\u00a0\u00bb \u00e9taient \u00ab\u00a0men\u00e9es pour faire face aux menaces directes d&rsquo;organisations terroristes \u00e0 Gaza\u00a0\u00bb.<\/p>\n<p class=\"lead \">Pour le maire de Khan Youn\u00e8s, Alaa al-Batta, qui d\u00e9nonce des bombardements isra\u00e9liens \u00ab\u00a0en violation avec l&rsquo;accord de cessez-le-feu\u00a0\u00bb, la strat\u00e9gie est claire.<\/p>\n<p class=\"lead \">\u00ab\u00a0Ces frappes ont pour objectif de chasser les habitants, leur faire peur et les contraindre \u00e0 se d\u00e9placer vers l&rsquo;ouest\u00a0\u00bb, accuse-t-il.<\/p>\n<p class=\"lead \">Mahmoud Barak\u00e9, 45 ans, rapporte des tirs d&rsquo;artillerie \u00ab\u00a0incessants\u00a0\u00bb et des d\u00e9molitions continues de maisons.<\/p>\n<p class=\"lead \">\u00ab\u00a0Les explosions r\u00e9sonnent tout pr\u00e8s\u00a0\u00bb, l\u00e2che-t-il. Pour lui aussi, \u00ab\u00a0le but de l&rsquo;occupation (isra\u00e9lienne, NDLR) est clair: nous faire partir, pour vider la r\u00e9gion\u00a0\u00bb.<\/p>\n<p class=\"lead \">A 70 ans, Abdel Hamid al-Fara a v\u00e9cu les conflits successifs ayant oppos\u00e9 Isra\u00ebl et le Hamas.<\/p>\n<p class=\"lead \">Lui aussi, avec cinq de ses enfants et leurs familles, est rest\u00e9 pr\u00e8s de sa maison endommag\u00e9e, au nord de Khan Youn\u00e8s, plut\u00f4t que d&rsquo;aller \u00e0 al-Mawassi \u00ab\u00a0qui n&rsquo;a plus la capacit\u00e9 d&rsquo;accueillir\u00a0\u00bb de nouveaux arrivants.<\/p>\n<p class=\"lead \">\u00ab\u00a0Nous ne partirons pas (&#8230;), ici c&rsquo;est notre terre\u00a0\u00bb, mart\u00e8le le grand-p\u00e8re septuag\u00e9naire. \u00ab\u00a0Nous d\u00e9placer, ce ne sera pas une solution, mais une trag\u00e9die de plus.\u00a0\u00bb<\/p>\n<p class=\"small font-weight-bold text-gray3 \"> publi\u00e9 le 23 d\u00e9cembre \u00e0 09h27, AFP<\/p>\n<p>                             Partager<\/p>\n","protected":false},"excerpt":{"rendered":"\u00ab\u00a0O\u00f9 pouvons-nous aller?\u00a0\u00bb Quand ses enfants l&rsquo;interrogent, Oum Ahmed ne sait que r\u00e9pondre dans son village en ruine&hellip;\n","protected":false},"author":2,"featured_media":617607,"comment_status":"","ping_status":"","sticky":false,"template":"","format":"standard","meta":{"footnotes":""},"categories":[5],"tags":[11,10268,2120,1011,27,665,14,3819,12,7621,28],"class_list":{"0":"post-617606","1":"post","2":"type-post","3":"status-publish","4":"format-standard","5":"has-post-thumbnail","7":"category-international","8":"tag-actualites","9":"tag-arme","10":"tag-conflit","11":"tag-fr","12":"tag-france","13":"tag-gaza","14":"tag-international","15":"tag-isral","16":"tag-news","17":"tag-palestiniens","18":"tag-world"},"share_on_mastodon":{"url":"https:\/\/pubeurope.com\/@fr\/115768264330203145","error":""},"_links":{"self":[{"href":"https:\/\/www.europesays.com\/fr\/wp-json\/wp\/v2\/posts\/617606","targetHints":{"allow":["GET"]}}],"collection":[{"href":"https:\/\/www.europesays.com\/fr\/wp-json\/wp\/v2\/posts"}],"about":[{"href":"https:\/\/www.europesays.com\/fr\/wp-json\/wp\/v2\/types\/post"}],"author":[{"embeddable":true,"href":"https:\/\/www.europesays.com\/fr\/wp-json\/wp\/v2\/users\/2"}],"replies":[{"embeddable":true,"href":"https:\/\/www.europesays.com\/fr\/wp-json\/wp\/v2\/comments?post=617606"}],"version-history":[{"count":0,"href":"https:\/\/www.europesays.com\/fr\/wp-json\/wp\/v2\/posts\/617606\/revisions"}],"wp:featuredmedia":[{"embeddable":true,"href":"https:\/\/www.europesays.com\/fr\/wp-json\/wp\/v2\/media\/617607"}],"wp:attachment":[{"href":"https:\/\/www.europesays.com\/fr\/wp-json\/wp\/v2\/media?parent=617606"}],"wp:term":[{"taxonomy":"category","embeddable":true,"href":"https:\/\/www.europesays.com\/fr\/wp-json\/wp\/v2\/categories?post=617606"},{"taxonomy":"post_tag","embeddable":true,"href":"https:\/\/www.europesays.com\/fr\/wp-json\/wp\/v2\/tags?post=617606"}],"curies":[{"name":"wp","href":"https:\/\/api.w.org\/{rel}","templated":true}]}}