{"id":617612,"date":"2025-12-23T09:53:17","date_gmt":"2025-12-23T09:53:17","guid":{"rendered":"https:\/\/www.europesays.com\/fr\/617612\/"},"modified":"2025-12-23T09:53:17","modified_gmt":"2025-12-23T09:53:17","slug":"a-quoi-va-ressembler-la-nouvelle-caserne-dans-ce-quartier","status":"publish","type":"post","link":"https:\/\/www.europesays.com\/fr\/617612\/","title":{"rendered":"\u00e0 quoi va ressembler la nouvelle caserne dans ce quartier"},"content":{"rendered":"<p>                    Par<br \/>\n        <strong><br \/>\n            <a href=\"https:\/\/actu.fr\/auteur\/mathias-souteyrat\" title=\"Consulter tous les articles de Mathias Souteyrat\" target=\"_blank\" rel=\"noopener\">Mathias Souteyrat<\/a><br \/>\n                    <\/strong><\/p>\n<p>        Publi\u00e9 le<\/p>\n<p>            23 d\u00e9c. 2025 \u00e0 10h36        <\/p>\n<p>La premi\u00e8re pierre symbolique, en pr\u00e9sence des \u00e9lus, de la <a href=\"https:\/\/actu.fr\/auvergne-rhone-alpes\/saint-etienne_42218\/saint-etienne-une-nouvelle-gendarmerie-dans-ce-quartier-ces-projets-phares-de-2025_62078502.html\" target=\"_blank\" rel=\"noopener\">nouvelle caserne de la gendarmerie<\/a> de la Loire a \u00e9t\u00e9 pos\u00e9e le mercredi 17\u00a0d\u00e9cembre dans un quartier de <a href=\"https:\/\/actu.fr\/auvergne-rhone-alpes\/saint-etienne_42218\" target=\"_blank\" rel=\"noopener\">Saint-Etienne.<\/a> Le b\u00e2timent se situe rue du colonel Marey, <a href=\"https:\/\/actu.fr\/auvergne-rhone-alpes\/saint-etienne_42218\/saint-etienne-de-gros-travaux-debutent-dans-ce-quartier-voici-ce-qui-est-prevu_62746563.html\" target=\"_blank\" rel=\"noopener\">dans le quartier en pleine mutation du Soleil<\/a>. On fait le point sur ce chantier.<\/p>\n<p>Ouverture en 2027, \u00e0 c\u00f4t\u00e9 de la ligne de tramway T3 STAS<\/p>\n<p class=\" wall-content\">Selon la gendarmerie, \u00ab\u2009gr\u00e2ce \u00e0 cette future implantation, la gendarmerie lig\u00e9rienne gagnera en r\u00e9activit\u00e9, en proximit\u00e9 avec la population et en r\u00e9silience, en temps de paix comme en situation de crise. Elle s\u2019inscrit pleinement dans les piliers de l\u2019action de la gendarmerie\u2009: statut militaire, logement en caserne et maillage territorial, au service de pr\u00e8s de<strong> 80\u2009000\u00a0habitants sur plus de 50\u00a0communes<\/strong>.\u2009\u00bb<\/p>\n<p>    <img   decoding=\"async\" loading=\"lazy\" src=\"https:\/\/www.europesays.com\/fr\/wp-content\/uploads\/2025\/12\/599933054-3406336316191929-8607132998453359228-n-960x640.jpg\" alt=\"La premi\u00e8re pierre de la nouvelle caserne de la gendarmerie de la Loire a \u00e9t\u00e9 pos\u00e9e le 17 d\u00e9cembre dans un quartier en pleine transformation de Saint-Etienne\" width=\"960\" height=\"640\"\/><br \/>\n    La future caserne sera au service de pr\u00e8s de 80\u2009000 habitants sur plus de 50 communes. (\u00a9Mairie de Saint-Etienne)<\/p>\n<p class=\" wall-content\">D\u2019apr\u00e8s la municipalit\u00e9, \u00ab\u2009ce projet est ancien. Il a fallu beaucoup se battre pour le voir enfin se r\u00e9aliser. Le choix du quartier du Soleil s\u2019est finalement impos\u00e9 par sa dynamique de renouveau, renforc\u00e9e par l\u2019arriv\u00e9e de la <a href=\"https:\/\/actu.fr\/auvergne-rhone-alpes\/saint-etienne_42218\/saint-etienne-une-nouvelle-station-de-tram-stas-va-voir-le-jour-ou-en-est-le-projet_62355478.html\" target=\"_blank\" rel=\"noopener\">3\u1d49 ligne de tramway STAS<\/a>, d\u00e9cisive pour convaincre le minist\u00e8re.\u2009\u00bb<\/p>\n<p>    <img   decoding=\"async\" loading=\"lazy\" src=\"https:\/\/www.europesays.com\/fr\/wp-content\/uploads\/2025\/12\/600308659-3406336459525248-4417143029194361229-n-960x640.jpg\" alt=\"La premi\u00e8re pierre de la nouvelle caserne de la gendarmerie de la Loire a \u00e9t\u00e9 pos\u00e9e le 17 d\u00e9cembre dans un quartier en pleine transformation de Saint-Etienne\" width=\"960\" height=\"640\"\/><br \/>\n    cette caserne accueillera la compagnie de Saint-\u00c9tienne, la brigade de recherches, le PSIG et la brigade motoris\u00e9e. (\u00a9Mairie de Saint-Etienne)Des gendarmes de la brigade de recherches, le PSIG et la brigade motoris\u00e9e<\/p>\n<p class=\" wall-content\">D\u2019ici \u00e0 l\u2019\u00e9t\u00e9 2027, cette caserne accueillera la compagnie de Saint-\u00c9tienne, la brigade de recherches, le PSIG et la brigade motoris\u00e9e. \u00ab\u00a0Elle renforcera la proximit\u00e9, la r\u00e9activit\u00e9 et la capacit\u00e9 d\u2019action de la gendarmerie\u00a0\u00bb, pr\u00e9cisent les militaires.<\/p>\n<blockquote class=\"ac-article-quote wall-content\">\n<p>L\u2019installation de 45 gendarmes et de leurs familles participera pleinement \u00e0 la vie et \u00e0 la transformation du quartier.<\/p>\n<p>    <strong>Gendarmerie de la Loire<\/strong>\n            <\/p><\/blockquote>\n<p>Votre r\u00e9gion, votre actu !<\/p>\n<p>Recevez chaque jour les infos qui comptent pour vous.<\/p>\n<p>\t<a href=\"https:\/\/actu.fr\/newsletter\" class=\"ac-btn ac-btn--corner ac-btn--medium ac-btn--blue800\" target=\"_blank\" rel=\"noopener\">S&rsquo;incrire<\/a><\/p>\n<p>    <img   decoding=\"async\" loading=\"lazy\" src=\"https:\/\/www.europesays.com\/fr\/wp-content\/uploads\/2025\/12\/598774965-3406336346191926-6868619573008543702-n-960x640.jpg\" alt=\"La premi\u00e8re pierre de la nouvelle caserne de la gendarmerie de la Loire a \u00e9t\u00e9 pos\u00e9e le 17 d\u00e9cembre dans un quartier en pleine transformation de Saint-Etienne\" width=\"960\" height=\"640\"\/><br \/>\n    La caserne va ouvrir en 2027. (\u00a9Mairie de Saint-Etienne)<\/p>\n<p class=\" wall-content\">\u00ab\u2009Ce projet est le fruit d\u2019un travail collectif entre l\u2019\u00c9tat, le D\u00e9partement de la Loire, Deux Fleuves Loire Habitat, et Eiffage Construction\u2009\u00bb, mettent en avant municipalit\u00e9 et gendarmerie.<\/p>\n<p class=\" wall-content\">Le co\u00fbt de cette caserne est de <strong>17,5 millions d\u2019euros.<\/strong><\/p>\n<p class=\" wall-content\">Personnalisez votre actualit\u00e9 en ajoutant vos villes et m\u00e9dias en favori avec <a href=\"https:\/\/moncompte.actu.fr\" title=\"D\u00e9couvez Mon Actu\" rel=\"nofollow noopener\" data-trk=\"{&quot;cta&quot;:{&quot;action&quot;:&quot;https:\\\/\\\/moncompte.actu.fr&quot;,&quot;category&quot;:&quot;mon compte&quot;,&quot;from&quot;:&quot;article footer&quot;,&quot;name&quot;:&quot;Mon actu&quot;,&quot;type&quot;:&quot;cta&quot;}}\" target=\"_blank\">Mon Actu<\/a>.<\/p>\n","protected":false},"excerpt":{"rendered":"Par Mathias Souteyrat Publi\u00e9 le 23 d\u00e9c. 2025 \u00e0 10h36 La premi\u00e8re pierre symbolique, en pr\u00e9sence des \u00e9lus,&hellip;\n","protected":false},"author":2,"featured_media":617613,"comment_status":"","ping_status":"","sticky":false,"template":"","format":"standard","meta":{"footnotes":""},"categories":[9653],"tags":[1111,11,2430,1777,674,1011,27,3381,12,25,4001,104,25515,2086],"class_list":{"0":"post-617612","1":"post","2":"type-post","3":"status-publish","4":"format-standard","5":"has-post-thumbnail","7":"category-saint-etienne","8":"tag-actu","9":"tag-actualites","10":"tag-auvergne-rhone-alpes","11":"tag-eu","12":"tag-europe","13":"tag-fr","14":"tag-france","15":"tag-gendarmerie","16":"tag-news","17":"tag-republique-francaise","18":"tag-saint-etienne","19":"tag-societe","20":"tag-societe-de-transport-de-lagglomeration-stephanoise-stas","21":"tag-travaux"},"share_on_mastodon":{"url":"https:\/\/pubeurope.com\/@fr\/115768276843987492","error":""},"_links":{"self":[{"href":"https:\/\/www.europesays.com\/fr\/wp-json\/wp\/v2\/posts\/617612","targetHints":{"allow":["GET"]}}],"collection":[{"href":"https:\/\/www.europesays.com\/fr\/wp-json\/wp\/v2\/posts"}],"about":[{"href":"https:\/\/www.europesays.com\/fr\/wp-json\/wp\/v2\/types\/post"}],"author":[{"embeddable":true,"href":"https:\/\/www.europesays.com\/fr\/wp-json\/wp\/v2\/users\/2"}],"replies":[{"embeddable":true,"href":"https:\/\/www.europesays.com\/fr\/wp-json\/wp\/v2\/comments?post=617612"}],"version-history":[{"count":0,"href":"https:\/\/www.europesays.com\/fr\/wp-json\/wp\/v2\/posts\/617612\/revisions"}],"wp:featuredmedia":[{"embeddable":true,"href":"https:\/\/www.europesays.com\/fr\/wp-json\/wp\/v2\/media\/617613"}],"wp:attachment":[{"href":"https:\/\/www.europesays.com\/fr\/wp-json\/wp\/v2\/media?parent=617612"}],"wp:term":[{"taxonomy":"category","embeddable":true,"href":"https:\/\/www.europesays.com\/fr\/wp-json\/wp\/v2\/categories?post=617612"},{"taxonomy":"post_tag","embeddable":true,"href":"https:\/\/www.europesays.com\/fr\/wp-json\/wp\/v2\/tags?post=617612"}],"curies":[{"name":"wp","href":"https:\/\/api.w.org\/{rel}","templated":true}]}}