{"id":617614,"date":"2025-12-23T09:54:17","date_gmt":"2025-12-23T09:54:17","guid":{"rendered":"https:\/\/www.europesays.com\/fr\/617614\/"},"modified":"2025-12-23T09:54:17","modified_gmt":"2025-12-23T09:54:17","slug":"municipales-2026-a-saint-etienne-marc-chassaubene-officialise-sa-candidature","status":"publish","type":"post","link":"https:\/\/www.europesays.com\/fr\/617614\/","title":{"rendered":"Municipales 2026 \u00e0 Saint-\u00c9tienne\u00a0: Marc Chassaub\u00e9n\u00e9 officialise sa candidature"},"content":{"rendered":"<p>L&rsquo;actuel premier adjoint au maire de Saint-\u00c9tienne et membre de la majorit\u00e9 municipale a annonc\u00e9 sa candidature, ce mardi 23 d\u00e9cembre, pour les \u00e9lections municipales en mars 2026. Un choix qui ne fait pas l&rsquo;unanimit\u00e9 au sein de la majorit\u00e9.<\/p>\n<p>Une d\u00e9cision attendue et d\u00e9sormais officielle.<\/p>\n<p><b>Marc Chassaub\u00e9n\u00e9<\/b>, d\u00e9sormais\u00a0<a class=\"url\" href=\"https:\/\/www.radioscoop.com\/infos\/succession-de-gael-perdriau-on-sait-qui-est-le-nouveau-maire-de-saint-etienne_344203\" target=\"_blank\" rel=\"noopener\">premier adjoint au maire de Saint-\u00c9tienne<\/a>,\u00a0a annonc\u00e9, ce mardi 23 d\u00e9cembre,\u00a0sa <b>candidature aux \u00e9lections municipales de mars 2026<\/b> en pr\u00e9sence d&rsquo;\u00e9lus et de la presse. <\/p>\n<p>Une d\u00e9cision pr\u00e9visible<\/p>\n<p>Le choix de Marc Chassaub\u00e9n\u00e9 pour repr\u00e9senter la majorit\u00e9 n&rsquo;est pas une surprise.\u00a0<\/p>\n<p>D\u00e9j\u00e0 lors de <b>l&rsquo;\u00e9lection exceptionnelle <\/b>du maire \u00e0 la suite du <b>d\u00e9part de Ga\u00ebl Perdriau<\/b>, <a class=\"url\" href=\"https:\/\/www.radioscoop.com\/infos\/gael-perdriau-condamne-le-maire-de-saint-etienne-a-adresse-sa-demission_343500\" target=\"_blank\" rel=\"noopener\">condamn\u00e9 dans l&rsquo;affaire de la sextape<\/a>, il avait \u00e9t\u00e9 d\u00e9sign\u00e9 pour lui succ\u00e9der. Avant de laisser sa place \u00e0 <b>Jean-Pierre Berger<\/b>, alors premier adjoint, <a class=\"url\" href=\"https:\/\/www.radioscoop.com\/infos\/maire-de-saint-etienne-changement-de-visage-pour-succeder-a-gael-perdriau_344042\" target=\"_blank\" rel=\"noopener\">dans un souci \u00ab\u00a0d&rsquo;apaisement\u00a0\u00bb<\/a>. <\/p>\n<p>D\u00e9sormais maire de Saint-\u00c9tienne, ce dernier avait annonc\u00e9 d\u00e8s son \u00e9lection qu&rsquo;il ne <b>se pr\u00e9senterait pas<\/b> pour 2026. Il est d&rsquo;ailleurs venu apporter son soutien \u00e0 Marc Chassaub\u00e9n\u00e9, ce mardi, pour l&rsquo;annonce de sa candidature.<\/p>\n<p>Le patron de la Cit\u00e9 du Design rejoint ainsi les autres candidats annonc\u00e9s pour les municipales de 2026 : <b>Dino Cinieri<\/b> (Saint-Etienne Ensemble 2026), <b>Eric Le Jaouen<\/b> (Horizons), <b>Valentine Mercier<\/b> (LFI), <b>Corentin Jousserand<\/b> (RN) et <b>R\u00e9gis Juanico<\/b> (Saint-\u00c9tienne Demain). <\/p>\n<p>Un choix qui semble contest\u00e9 <\/p>\n<p>Au sein de la majorit\u00e9, le nom de Marc Chassaub\u00e9n\u00e9 divise.<\/p>\n<p>Plusiseurs \u00e9lus, comme <b>Siham Labich<\/b>, adjointe au maire, avaient notamment r\u00e9clam\u00e9 son retrait au moment de l&rsquo;\u00e9lection extraordinaire du 11 d\u00e9cembre. Avant une nouvelle passe d&rsquo;armes quelques jours plus tard, cette fois avec <b>Sylvie Fayolle<\/b>, lors de l&rsquo;\u00e9lection de cette derni\u00e8re <a class=\"url\" href=\"https:\/\/www.radioscoop.com\/infos\/saint-etienne-metropole-apres-gael-perdriau-sylvie-fayolle-est-la-nouvelle-presidente_344632\" target=\"_blank\" rel=\"noopener\">\u00e0 la t\u00eate de Saint-\u00c9tienne M\u00e9tropole<\/a>.<\/p>\n<p>Le nouveau candidat ajoute, tout de m\u00eame, qu&rsquo;un tiers de son \u00e9quipe sera compos\u00e9e de la majorit\u00e9 municipale sortante. Et il pr\u00e9cise ne vouloir \u00eatre rattach\u00e9 \u00e0 aucun parti politique, Ga\u00ebl Perdriau ayant \u00e9t\u00e9 \u00e9lu, pour sa part, sous l&rsquo;\u00e9tiquette LR.<\/p>\n<p><img loading=\"lazy\" decoding=\"async\" src=\"https:\/\/www.europesays.com\/fr\/wp-content\/uploads\/2025\/12\/1766483657_598_img\" width=\"350\" height=\"200\" border=\"0\" title=\"Sylvie Fayolle est la nouvelle pr\u00c3\u00a9sidente de Saint-\u00c3\u0089tienne M\u00c3\u00a9tropole\"\/><\/p>\n<p>\u25baPolitique<\/p>\n<p style=\"font-size: 22px;\"><b>Saint-\u00c9tienne M\u00e9tropole : apr\u00e8s Ga\u00ebl Perdriau, Sylvie Fayolle est la nouvelle pr\u00e9sidente<\/b><\/p>\n<p>Ce mercredi 17 d\u00e9cembre se tenait l&rsquo;\u00e9lection pour&#8230;<\/p>\n<p><\/p>\n","protected":false},"excerpt":{"rendered":"L&rsquo;actuel premier adjoint au maire de Saint-\u00c9tienne et membre de la majorit\u00e9 municipale a annonc\u00e9 sa candidature, ce&hellip;\n","protected":false},"author":2,"featured_media":617615,"comment_status":"","ping_status":"","sticky":false,"template":"","format":"standard","meta":{"footnotes":""},"categories":[9653],"tags":[1111,11,2430,1777,674,1011,27,55462,72800,3434,12,25,4001,66503],"class_list":{"0":"post-617614","1":"post","2":"type-post","3":"status-publish","4":"format-standard","5":"has-post-thumbnail","7":"category-saint-etienne","8":"tag-actu","9":"tag-actualites","10":"tag-auvergne-rhone-alpes","11":"tag-eu","12":"tag-europe","13":"tag-fr","14":"tag-france","15":"tag-gal-perdriau","16":"tag-marc-chassaubn","17":"tag-municipales-2026","18":"tag-news","19":"tag-republique-francaise","20":"tag-saint-etienne","21":"tag-siham-labich"},"share_on_mastodon":{"url":"https:\/\/pubeurope.com\/@fr\/115768280695349844","error":""},"_links":{"self":[{"href":"https:\/\/www.europesays.com\/fr\/wp-json\/wp\/v2\/posts\/617614","targetHints":{"allow":["GET"]}}],"collection":[{"href":"https:\/\/www.europesays.com\/fr\/wp-json\/wp\/v2\/posts"}],"about":[{"href":"https:\/\/www.europesays.com\/fr\/wp-json\/wp\/v2\/types\/post"}],"author":[{"embeddable":true,"href":"https:\/\/www.europesays.com\/fr\/wp-json\/wp\/v2\/users\/2"}],"replies":[{"embeddable":true,"href":"https:\/\/www.europesays.com\/fr\/wp-json\/wp\/v2\/comments?post=617614"}],"version-history":[{"count":0,"href":"https:\/\/www.europesays.com\/fr\/wp-json\/wp\/v2\/posts\/617614\/revisions"}],"wp:featuredmedia":[{"embeddable":true,"href":"https:\/\/www.europesays.com\/fr\/wp-json\/wp\/v2\/media\/617615"}],"wp:attachment":[{"href":"https:\/\/www.europesays.com\/fr\/wp-json\/wp\/v2\/media?parent=617614"}],"wp:term":[{"taxonomy":"category","embeddable":true,"href":"https:\/\/www.europesays.com\/fr\/wp-json\/wp\/v2\/categories?post=617614"},{"taxonomy":"post_tag","embeddable":true,"href":"https:\/\/www.europesays.com\/fr\/wp-json\/wp\/v2\/tags?post=617614"}],"curies":[{"name":"wp","href":"https:\/\/api.w.org\/{rel}","templated":true}]}}