{"id":617616,"date":"2025-12-23T09:55:17","date_gmt":"2025-12-23T09:55:17","guid":{"rendered":"https:\/\/www.europesays.com\/fr\/617616\/"},"modified":"2025-12-23T09:55:17","modified_gmt":"2025-12-23T09:55:17","slug":"des-jouets-et-des-sourires-pour-les-enfants-de-lhopital-de-brabois","status":"publish","type":"post","link":"https:\/\/www.europesays.com\/fr\/617616\/","title":{"rendered":"Des jouets et des sourires pour les enfants de l\u2019h\u00f4pital de Brabois"},"content":{"rendered":"<p><img decoding=\"async\" class=\"\" style=\"width:100%\" src=\"https:\/\/www.europesays.com\/fr\/wp-content\/uploads\/2025\/12\/598065088_122240351000155911_2803735699255937277_n1766479464864.jpg\" alt=\"Agora Nancy - Brabois \"\/><\/p>\n<p>Cr\u00e9dit : Agora Nancy &#8211; Brabois <\/p>\n<p data-start=\"178\" data-end=\"479\">Vand\u0153uvre-l\u00e8s-Nancy \u2013 \u00c0 l\u2019approche des f\u00eates, des membres du <strong data-start=\"239\" data-end=\"262\">club Agora de Nancy<\/strong> se sont rendues \u00e0 l\u2019h\u00f4pital d\u2019enfants de Brabois pour offrir un peu de r\u00e9confort aux jeunes patients. Cette visite s\u2019inscrit dans le cadre d\u2019un partenariat avec l\u2019association <strong data-start=\"438\" data-end=\"460\">Les Petits Doudous<\/strong> du CHU de Nancy.<\/p>\n<p data-start=\"481\" data-end=\"857\">Les b\u00e9n\u00e9voles ont remis des <strong data-start=\"509\" data-end=\"561\">jouets financ\u00e9s gr\u00e2ce aux initiatives solidaires<\/strong> men\u00e9es par le club tout au long de l\u2019ann\u00e9e, notamment lors de ventes caritatives. Au-del\u00e0 des cadeaux mat\u00e9riels, ces moments ont permis de cr\u00e9er des instants de <strong data-start=\"723\" data-end=\"753\">distraction et d\u2019attention<\/strong> pour les enfants hospitalis\u00e9s, apportant douceur et joie \u00e0 ceux qui traversent une p\u00e9riode difficile.<\/p>\n<p data-start=\"859\" data-end=\"1173\">Le <strong data-start=\"862\" data-end=\"876\">club Agora<\/strong>, qui se d\u00e9finit comme un espace d\u2019\u00e9change et de solidarit\u00e9, soutient r\u00e9guli\u00e8rement les associations locales gr\u00e2ce \u00e0 des collectes et des dons. Cette action \u00e0 Brabois illustre l\u2019engagement des b\u00e9n\u00e9voles pour apporter <strong data-start=\"1093\" data-end=\"1124\">sourires et chaleur humaine<\/strong> aux plus jeunes, surtout \u00e0 l\u2019approche de No\u00ebl.<\/p>\n","protected":false},"excerpt":{"rendered":"Cr\u00e9dit : Agora Nancy &#8211; Brabois Vand\u0153uvre-l\u00e8s-Nancy \u2013 \u00c0 l\u2019approche des f\u00eates, des membres du club Agora de&hellip;\n","protected":false},"author":2,"featured_media":617617,"comment_status":"","ping_status":"","sticky":false,"template":"","format":"standard","meta":{"footnotes":""},"categories":[9635],"tags":[1111,11,72801,72803,1777,674,1011,27,775,72802,1702,12,25],"class_list":{"0":"post-617616","1":"post","2":"type-post","3":"status-publish","4":"format-standard","5":"has-post-thumbnail","7":"category-nancy","8":"tag-actu","9":"tag-actualites","10":"tag-agora-nancy","11":"tag-chru-brabois","12":"tag-eu","13":"tag-europe","14":"tag-fr","15":"tag-france","16":"tag-grand-est","17":"tag-hopital-enfants","18":"tag-nancy","19":"tag-news","20":"tag-republique-francaise"},"share_on_mastodon":{"url":"https:\/\/pubeurope.com\/@fr\/115768284387708110","error":""},"_links":{"self":[{"href":"https:\/\/www.europesays.com\/fr\/wp-json\/wp\/v2\/posts\/617616","targetHints":{"allow":["GET"]}}],"collection":[{"href":"https:\/\/www.europesays.com\/fr\/wp-json\/wp\/v2\/posts"}],"about":[{"href":"https:\/\/www.europesays.com\/fr\/wp-json\/wp\/v2\/types\/post"}],"author":[{"embeddable":true,"href":"https:\/\/www.europesays.com\/fr\/wp-json\/wp\/v2\/users\/2"}],"replies":[{"embeddable":true,"href":"https:\/\/www.europesays.com\/fr\/wp-json\/wp\/v2\/comments?post=617616"}],"version-history":[{"count":0,"href":"https:\/\/www.europesays.com\/fr\/wp-json\/wp\/v2\/posts\/617616\/revisions"}],"wp:featuredmedia":[{"embeddable":true,"href":"https:\/\/www.europesays.com\/fr\/wp-json\/wp\/v2\/media\/617617"}],"wp:attachment":[{"href":"https:\/\/www.europesays.com\/fr\/wp-json\/wp\/v2\/media?parent=617616"}],"wp:term":[{"taxonomy":"category","embeddable":true,"href":"https:\/\/www.europesays.com\/fr\/wp-json\/wp\/v2\/categories?post=617616"},{"taxonomy":"post_tag","embeddable":true,"href":"https:\/\/www.europesays.com\/fr\/wp-json\/wp\/v2\/tags?post=617616"}],"curies":[{"name":"wp","href":"https:\/\/api.w.org\/{rel}","templated":true}]}}