{"id":617624,"date":"2025-12-23T10:03:33","date_gmt":"2025-12-23T10:03:33","guid":{"rendered":"https:\/\/www.europesays.com\/fr\/617624\/"},"modified":"2025-12-23T10:03:33","modified_gmt":"2025-12-23T10:03:33","slug":"intemperies-a-montpellier-les-internautes-ont-detourne-le-deluge-avec-ia-et-humour-petit-florilege-des-photos-trouvees-sur-les-reseaux-sociaux","status":"publish","type":"post","link":"https:\/\/www.europesays.com\/fr\/617624\/","title":{"rendered":"Intemp\u00e9ries \u00e0 Montpellier\u00a0: les internautes ont d\u00e9tourn\u00e9 le d\u00e9luge avec IA et humour, petit floril\u00e8ge des photos trouv\u00e9es sur les r\u00e9seaux sociaux"},"content":{"rendered":"<p>\n                                                                Les trombes d\u2019eau se sont abattues sur la ville durant plusieurs heures. Certains ont utilis\u00e9 l\u2019intelligence artificielle pour rendre la mont\u00e9e des eaux plus rigolotes.\n                            <\/p>\n<p>Tout est \u00e0 prendre avec humour et surtout avec d\u00e9rision. Certains internautes se sont d\u00e9foul\u00e9s sur les r\u00e9seaux sociaux et ont d\u00e9tourn\u00e9 les images des intemp\u00e9ries qui ont touch\u00e9 la ville de Montpellier en utilisant l\u2019IA.<\/p>\n<p>Les clich\u00e9s sont faux mais dr\u00f4les. Un peu de l\u00e9g\u00e8ret\u00e9, c\u2019est toujours appr\u00e9ciable.<\/p>\n<p>Petit floril\u00e8ge<\/p>\n<p>Une livraison rapide en p\u00e9riode d\u2019inondations\u00a0: la solution le jet ski.<\/p>\n<p>        <img decoding=\"async\" class=\"std-img__img responsive-img\" src=\"https:\/\/www.europesays.com\/fr\/wp-content\/uploads\/2025\/12\/1766484206_865_image.png\" alt=\"Une livraison en jet ski\u2026\"\/><\/p>\n<p>La piste cyclable dans le tunnel de la Com\u00e9die impraticable\u00a0: la gondole permet la travers\u00e9e sans encombre et avec une pointe de romantisme.<\/p>\n<p>        <img decoding=\"async\" class=\"std-img__img responsive-img\" src=\"https:\/\/www.europesays.com\/fr\/wp-content\/uploads\/2025\/12\/1766484209_366_image.jpg\" alt=\"Une gondole sous la Com\u00e9die.\"\/><\/p>\n<p>                Une gondole sous la Com\u00e9die.<\/p>\n<p>Midi Libre qui surfe sur l\u2019actualit\u00e9 peu importe qui pleuve, vente ou neige\u2026<\/p>\n<p>        <img decoding=\"async\" class=\"std-img__img responsive-img\" src=\"https:\/\/www.europesays.com\/fr\/wp-content\/uploads\/2025\/12\/1766484210_64_image.jpg\" alt=\"Midi Libre surfe sur l\u2019actualit\u00e9 place de la Com\u00e9die.\"\/><\/p>\n<p>                Midi Libre surfe sur l\u2019actualit\u00e9 place de la Com\u00e9die.<\/p>\n<p>Les trains ne sont pas toujours \u00e0 l\u2019heure, mais en cano\u00eb, la gare Saint-Roch devient accessible.<\/p>\n<p>        <img decoding=\"async\" class=\"std-img__img responsive-img\" src=\"https:\/\/www.europesays.com\/fr\/wp-content\/uploads\/2025\/12\/1766484213_98_image.png\" alt=\"Un petit tour en cano\u00eb\u00a0?\"\/><\/p>\n","protected":false},"excerpt":{"rendered":"Les trombes d\u2019eau se sont abattues sur la ville durant plusieurs heures. Certains ont utilis\u00e9 l\u2019intelligence artificielle pour&hellip;\n","protected":false},"author":2,"featured_media":617625,"comment_status":"","ping_status":"","sticky":false,"template":"","format":"standard","meta":{"footnotes":""},"categories":[9599],"tags":[1111,11,1777,674,1011,27,7089,71962,2208,15882,12,2680,25],"class_list":{"0":"post-617624","1":"post","2":"type-post","3":"status-publish","4":"format-standard","5":"has-post-thumbnail","7":"category-montpellier","8":"tag-actu","9":"tag-actualites","10":"tag-eu","11":"tag-europe","12":"tag-fr","13":"tag-france","14":"tag-herault","15":"tag-intempu00e9ries","16":"tag-montpellier","17":"tag-mu00e9tu00e9o","18":"tag-news","19":"tag-occitanie","20":"tag-republique-francaise"},"share_on_mastodon":{"url":"https:\/\/pubeurope.com\/@fr\/115768316599909530","error":""},"_links":{"self":[{"href":"https:\/\/www.europesays.com\/fr\/wp-json\/wp\/v2\/posts\/617624","targetHints":{"allow":["GET"]}}],"collection":[{"href":"https:\/\/www.europesays.com\/fr\/wp-json\/wp\/v2\/posts"}],"about":[{"href":"https:\/\/www.europesays.com\/fr\/wp-json\/wp\/v2\/types\/post"}],"author":[{"embeddable":true,"href":"https:\/\/www.europesays.com\/fr\/wp-json\/wp\/v2\/users\/2"}],"replies":[{"embeddable":true,"href":"https:\/\/www.europesays.com\/fr\/wp-json\/wp\/v2\/comments?post=617624"}],"version-history":[{"count":0,"href":"https:\/\/www.europesays.com\/fr\/wp-json\/wp\/v2\/posts\/617624\/revisions"}],"wp:featuredmedia":[{"embeddable":true,"href":"https:\/\/www.europesays.com\/fr\/wp-json\/wp\/v2\/media\/617625"}],"wp:attachment":[{"href":"https:\/\/www.europesays.com\/fr\/wp-json\/wp\/v2\/media?parent=617624"}],"wp:term":[{"taxonomy":"category","embeddable":true,"href":"https:\/\/www.europesays.com\/fr\/wp-json\/wp\/v2\/categories?post=617624"},{"taxonomy":"post_tag","embeddable":true,"href":"https:\/\/www.europesays.com\/fr\/wp-json\/wp\/v2\/tags?post=617624"}],"curies":[{"name":"wp","href":"https:\/\/api.w.org\/{rel}","templated":true}]}}