{"id":617626,"date":"2025-12-23T10:05:23","date_gmt":"2025-12-23T10:05:23","guid":{"rendered":"https:\/\/www.europesays.com\/fr\/617626\/"},"modified":"2025-12-23T10:05:23","modified_gmt":"2025-12-23T10:05:23","slug":"intemperies-plusieurs-lieux-et-rues-restent-fermes","status":"publish","type":"post","link":"https:\/\/www.europesays.com\/fr\/617626\/","title":{"rendered":"intemp\u00e9ries, plusieurs lieux et rues restent ferm\u00e9s"},"content":{"rendered":"<p>\n\t\t\t\t\tLa Ville de Montpellier informe, ce mardi 23 d\u00e9cembre. \t\t\t\t<\/p>\n<p>\n\t\t\t\t\t\t\t\t\t\u00a9 Camille Casanova. Hotel de R\u00e9gion, d\u00e9cembre 2025. .\t\t\t\t\t\t\t\t<\/p>\n<p>\t\t\t\t\t<a data-no-instant=\"1\" href=\"https:\/\/www.nimes.fr\/que-faire-a-nimes\/evenements\/festivites-de-noel\" rel=\"noopener\" class=\"a2t-link\" aria-label=\"878691-image\" target=\"_blank\"><img decoding=\"async\" src=\"https:\/\/www.europesays.com\/fr\/wp-content\/uploads\/2025\/12\/878691-image.jpeg\" alt=\"\"  \/><\/a><\/p>\n<p>Ce mardi 23 d\u00e9cembre, le d\u00e9partement de l\u2019H\u00e9rault est r\u00e9trograd\u00e9 en vigilance jaune \u00ab\u00a0pluie-inondation\u00a0\u00bb. La\u00a0vigilance\u00a0rouge \u00ab\u00a0crues\u00a0\u00bb est maintenue pour le bassin aval du fleuve l\u2019H\u00e9rault. La Ville de Montpellier informe du \u00ab\u00a0retour \u00e0 la normale\u00a0\u00bb sur le r\u00e9seau <a href=\"https:\/\/www.facebook.com\/tamvoyages?__cft__[0]=AZY8PMEAGzXQV-QLbTc7gWR_UqhS2Lrrvp1o6F_sIK6cCdMfmSYnZJcdab8qZ7UWgHDp6d7fVBBsL1MGja2OJycGdCnmHk_T2IHWtZ6bkmKLOn-we0d90hkXAdMxPixTiLVdEYtXaFH3F4owrzE_Wt959ZbL86sVe8okgAVu80kDLslE9x4IC88TFV0MYig5nOg&amp;__tn__=-]K-R\" target=\"_blank\" rel=\"noopener\">TaM voyages<\/a>. Par ailleurs, les rues qui \u00e9taient ferm\u00e9es sont r\u00e9ouvertes, sauf<strong> l\u2019avenue du Pir\u00e9e et la rue de Tipasa<\/strong>. Certains lieux restent ferm\u00e9s : <strong>parcs, jardins, cimeti\u00e8res, zoo de Montpellier, bois de Montmaur, r\u00e9serve du Lez et march\u00e9 de No\u00ebl<\/strong>. Mises \u00e0 jour r\u00e9guli\u00e8res sur <a href=\"https:\/\/mntp.fr\/vigi-meteo?fbclid=IwZXh0bgNhZW0CMTAAYnJpZBExc01GWG1OY0xheVVsM0h6SHNydGMGYXBwX2lkEDIyMjAzOTE3ODgyMDA4OTIAAR6_55OFGsdtzSMiT2D_QnhJ-2uHPq6B8SIAVdv4JkC6OJ61te8nylFr_vsRug_aem_AGh4Furh5EkVQE6ZAnLAVw\" target=\"_blank\" rel=\"noreferrer noopener\">https:\/\/mntp.fr\/vigi-meteo<\/a>. <\/p>\n","protected":false},"excerpt":{"rendered":"La Ville de Montpellier informe, ce mardi 23 d\u00e9cembre. \u00a9 Camille Casanova. Hotel de R\u00e9gion, d\u00e9cembre 2025. .&hellip;\n","protected":false},"author":2,"featured_media":617627,"comment_status":"","ping_status":"","sticky":false,"template":"","format":"standard","meta":{"footnotes":""},"categories":[9599],"tags":[1111,11,41064,1777,674,1011,27,2208,12,2680,25],"class_list":{"0":"post-617626","1":"post","2":"type-post","3":"status-publish","4":"format-standard","5":"has-post-thumbnail","7":"category-montpellier","8":"tag-actu","9":"tag-actualites","10":"tag-crues","11":"tag-eu","12":"tag-europe","13":"tag-fr","14":"tag-france","15":"tag-montpellier","16":"tag-news","17":"tag-occitanie","18":"tag-republique-francaise"},"share_on_mastodon":{"url":"https:\/\/pubeurope.com\/@fr\/115768323968113364","error":""},"_links":{"self":[{"href":"https:\/\/www.europesays.com\/fr\/wp-json\/wp\/v2\/posts\/617626","targetHints":{"allow":["GET"]}}],"collection":[{"href":"https:\/\/www.europesays.com\/fr\/wp-json\/wp\/v2\/posts"}],"about":[{"href":"https:\/\/www.europesays.com\/fr\/wp-json\/wp\/v2\/types\/post"}],"author":[{"embeddable":true,"href":"https:\/\/www.europesays.com\/fr\/wp-json\/wp\/v2\/users\/2"}],"replies":[{"embeddable":true,"href":"https:\/\/www.europesays.com\/fr\/wp-json\/wp\/v2\/comments?post=617626"}],"version-history":[{"count":0,"href":"https:\/\/www.europesays.com\/fr\/wp-json\/wp\/v2\/posts\/617626\/revisions"}],"wp:featuredmedia":[{"embeddable":true,"href":"https:\/\/www.europesays.com\/fr\/wp-json\/wp\/v2\/media\/617627"}],"wp:attachment":[{"href":"https:\/\/www.europesays.com\/fr\/wp-json\/wp\/v2\/media?parent=617626"}],"wp:term":[{"taxonomy":"category","embeddable":true,"href":"https:\/\/www.europesays.com\/fr\/wp-json\/wp\/v2\/categories?post=617626"},{"taxonomy":"post_tag","embeddable":true,"href":"https:\/\/www.europesays.com\/fr\/wp-json\/wp\/v2\/tags?post=617626"}],"curies":[{"name":"wp","href":"https:\/\/api.w.org\/{rel}","templated":true}]}}