{"id":617628,"date":"2025-12-23T10:06:14","date_gmt":"2025-12-23T10:06:14","guid":{"rendered":"https:\/\/www.europesays.com\/fr\/617628\/"},"modified":"2025-12-23T10:06:14","modified_gmt":"2025-12-23T10:06:14","slug":"journee-portes-ouvertes-a-luniversite-de-rouen-normandie","status":"publish","type":"post","link":"https:\/\/www.europesays.com\/fr\/617628\/","title":{"rendered":"Journ\u00e9e Portes Ouvertes \u00e0 l&rsquo;universit\u00e9 de Rouen Normandie"},"content":{"rendered":"<p><strong>Samedi 31 janvier 2026 de 9 h 30 \u00e0 17 h<\/strong>, l\u2019universit\u00e9 de Rouen Normandie ouvre tous ses campus pour vous faire d\u00e9couvrir l\u2019offre de formation et les services \u00e0 l\u2019\u00e9tudiant. La JPO, l\u2019un des temps forts de l\u2019orientation \u00e0 l\u2019Universit\u00e9, constitue un moment d\u2019\u00e9change privil\u00e9gi\u00e9 entre les futurs \u00e9tudiants et les composantes ainsi que les services de l\u2019\u00e9tablissement.<\/p>\n","protected":false},"excerpt":{"rendered":"Samedi 31 janvier 2026 de 9 h 30 \u00e0 17 h, l\u2019universit\u00e9 de Rouen Normandie ouvre tous ses&hellip;\n","protected":false},"author":2,"featured_media":617629,"comment_status":"","ping_status":"","sticky":false,"template":"","format":"standard","meta":{"footnotes":""},"categories":[9587],"tags":[1111,11,1777,674,1011,27,12,5161,25,9590],"class_list":{"0":"post-617628","1":"post","2":"type-post","3":"status-publish","4":"format-standard","5":"has-post-thumbnail","7":"category-rouen","8":"tag-actu","9":"tag-actualites","10":"tag-eu","11":"tag-europe","12":"tag-fr","13":"tag-france","14":"tag-news","15":"tag-normandie","16":"tag-republique-francaise","17":"tag-rouen"},"share_on_mastodon":{"url":"https:\/\/pubeurope.com\/@fr\/115768327744977046","error":""},"_links":{"self":[{"href":"https:\/\/www.europesays.com\/fr\/wp-json\/wp\/v2\/posts\/617628","targetHints":{"allow":["GET"]}}],"collection":[{"href":"https:\/\/www.europesays.com\/fr\/wp-json\/wp\/v2\/posts"}],"about":[{"href":"https:\/\/www.europesays.com\/fr\/wp-json\/wp\/v2\/types\/post"}],"author":[{"embeddable":true,"href":"https:\/\/www.europesays.com\/fr\/wp-json\/wp\/v2\/users\/2"}],"replies":[{"embeddable":true,"href":"https:\/\/www.europesays.com\/fr\/wp-json\/wp\/v2\/comments?post=617628"}],"version-history":[{"count":0,"href":"https:\/\/www.europesays.com\/fr\/wp-json\/wp\/v2\/posts\/617628\/revisions"}],"wp:featuredmedia":[{"embeddable":true,"href":"https:\/\/www.europesays.com\/fr\/wp-json\/wp\/v2\/media\/617629"}],"wp:attachment":[{"href":"https:\/\/www.europesays.com\/fr\/wp-json\/wp\/v2\/media?parent=617628"}],"wp:term":[{"taxonomy":"category","embeddable":true,"href":"https:\/\/www.europesays.com\/fr\/wp-json\/wp\/v2\/categories?post=617628"},{"taxonomy":"post_tag","embeddable":true,"href":"https:\/\/www.europesays.com\/fr\/wp-json\/wp\/v2\/tags?post=617628"}],"curies":[{"name":"wp","href":"https:\/\/api.w.org\/{rel}","templated":true}]}}