{"id":617630,"date":"2025-12-23T10:07:28","date_gmt":"2025-12-23T10:07:28","guid":{"rendered":"https:\/\/www.europesays.com\/fr\/617630\/"},"modified":"2025-12-23T10:07:28","modified_gmt":"2025-12-23T10:07:28","slug":"wary-nichen-a-rouen-2026","status":"publish","type":"post","link":"https:\/\/www.europesays.com\/fr\/617630\/","title":{"rendered":"Wary Nichen \u00e0 Rouen 2026"},"content":{"rendered":"<p class=\"intro\">Wary Nichen investit la sc\u00e8ne rouennaise avec son spectacle\u00a0\u00ab\u00a0Solutions\u00a0\u00bb le mercredi 4 f\u00e9vrier 2026 \u00e0 19h. Le com\u00e9dien nomade pose ses valises au Th\u00e9\u00e2tre \u00e0 l&rsquo;Ouest pour une soir\u00e9e d&rsquo;humour o\u00f9 il partage son univers d\u00e9cal\u00e9 avec le public de Rouen. Cette repr\u00e9sentation unique en Seine-Maritime promet un divertissement de qualit\u00e9 dans l&rsquo;une des salles de spectacle les plus appr\u00e9ci\u00e9es de la m\u00e9tropole normande. Les billets sont disponibles d\u00e8s maintenant.<\/p>\n<p>Solutions de Wary Nichen prend vie sur la sc\u00e8ne du Th\u00e9\u00e2tre \u00e0 l&rsquo;Ouest \u00e0 Rouen<\/p>\n<p>L&rsquo;humoriste pr\u00e9sente un <strong>spectacle au Th\u00e9\u00e2tre \u00e0 l&rsquo;Ouest de Rouen<\/strong> qui r\u00e9v\u00e8le sa philosophie de vie particuli\u00e8re. Se d\u00e9finissant comme un nomade, soit\u00a0\u00ab\u00a0un SDF avec beaucoup de miles\u00a0\u00bb, Wary Nichen d\u00e9veloppe un humour fin et d\u00e9cal\u00e9 autour de sa condition d&rsquo;artiste itin\u00e9rant. Son univers artistique refl\u00e8te cette r\u00e9alit\u00e9 du milieu du spectacle o\u00f9 \u00eatre nomade constitue d\u00e9j\u00e0 une forme de tourn\u00e9e permanente.<\/p>\n<p><img decoding=\"async\" loading=\"lazy\" src=\"https:\/\/www.europesays.com\/fr\/wp-content\/uploads\/2025\/12\/wary-nichen-tickets_470140_3763655_222x222.jpg\" alt=\"Wary Nichen - Solutions\" class=\"border\"\/><\/p>\n<p>La repr\u00e9sentation explore les paradoxes de cette existence artistique avec un regard lucide et amus\u00e9. Dans cette cr\u00e9ation, l&rsquo;artiste livre ses r\u00e9flexions sur un monde o\u00f9 beaucoup de personnes ne le connaissent pas, situation qu&rsquo;il assume pleinement car la m\u00e9connaissance est r\u00e9ciproque. Les spectateurs rouennais d\u00e9couvriront les <a href=\"https:\/\/www.jds.fr\/rouen\/agenda\/sorties-culturelles-spectacles-expositions-cinema-470_B\" target=\"_blank\" rel=\"noopener\">spectacles d&rsquo;humour programm\u00e9s dans la capitale normande<\/a> \u00e0 travers cette proposition originale qui interroge avec finesse les codes du divertissement en Haute-Normandie.<\/p>\n<p>Billetterie pour Wary Nichen Solutions au Th\u00e9\u00e2tre \u00e0 l&rsquo;Ouest<\/p>\n<p><a class=\"btn btn-lg shadow-lg btn-primary rounded-pill fnac_link\" data-fnac=\"in_article\" href=\"https:\/\/www.awin1.com\/pclick.php?p=43509275344&amp;a=634278&amp;m=12494&amp;clickref=in_article-A-desktop\" target=\"_blank\" rel=\"nofollow noopener\"> Acheter des billets<\/a><\/p>\n<p>Les <strong>billets<\/strong> pour cette repr\u00e9sentation au Th\u00e9\u00e2tre \u00e0 l&rsquo;Ouest sont propos\u00e9s \u00e0 partir de <strong>23\u00a0\u20ac<\/strong>. Cette soir\u00e9e d&rsquo;humour permet au public rouennais de d\u00e9couvrir l&rsquo;univers singulier d&rsquo;un artiste qui d\u00e9veloppe sa notori\u00e9t\u00e9 sur les sc\u00e8nes fran\u00e7aises. Nous vous conseillons de r\u00e9server rapidement vos places pour ne pas manquer cette occasion d&rsquo;acheter vos entr\u00e9es \u00e0 un <strong>prix<\/strong> accessible dans cette salle intimiste de Rouen.<\/p>\n<p>Pour d\u00e9couvrir l&rsquo;actualit\u00e9 compl\u00e8te de cet humoriste, consultez la page d\u00e9di\u00e9e aux <a href=\"https:\/\/www.jds.fr\/artistes\/wary-nichen-692_N\" target=\"_blank\" rel=\"noopener\">prochaines dates de Wary Nichen<\/a> et ses autres repr\u00e9sentations programm\u00e9es.<\/p>\n<p>Le parcours artistique de Wary Nichen<\/p>\n<p>Wary Nichen a d\u00e9velopp\u00e9 ses comp\u00e9tences artistiques gr\u00e2ce \u00e0 une <strong>formation sp\u00e9cialis\u00e9e en films et t\u00e9l\u00e9visions<\/strong> \u00e0 l&rsquo;Institut TREBAS de Montr\u00e9al au Qu\u00e9bec. Cette exp\u00e9rience canadienne a fa\u00e7onn\u00e9 son approche professionnelle du spectacle vivant et nourri son style comique particulier.<\/p>\n<p>L&rsquo;humoriste s&rsquo;est impos\u00e9 sur la sc\u00e8ne fran\u00e7aise gr\u00e2ce \u00e0 ses repr\u00e9sentations dans des <strong>salles parisiennes prestigieuses<\/strong> comme le Th\u00e9\u00e2tre Le R\u00e9publique et le Point Virgule. Ces venues reconnues t\u00e9moignent de la qualit\u00e9 de son travail artistique et de sa reconnaissance dans le milieu de l&rsquo;humour. Vous pouvez \u00e9galement retrouver <a href=\"https:\/\/www.jds.fr\/caen\/spectacles\/humour\/wary-nichen-solutions-1255640_A\" target=\"_blank\" rel=\"noopener\">Wary Nichen \u00e0 Caen avec Solutions<\/a> dans le cadre de sa tourn\u00e9e normande.<\/p>\n<p>Comment acc\u00e9der au Th\u00e9\u00e2tre \u00e0 l&rsquo;Ouest de Rouen\u00a0?<\/p>\n<p>La <strong>localisation centrale<\/strong> du th\u00e9\u00e2tre facilite l&rsquo;acc\u00e8s en voiture depuis tous les quartiers de Rouen. Plusieurs options de stationnement s&rsquo;offrent aux spectateurs\u00a0: le <strong>Parking Q-Park<\/strong> situ\u00e9 \u00e0 480 m\u00e8tres (5 minutes \u00e0 pied), le Parking des Docks pr\u00e8s du nouveau quartier, le Parking Place du Vieux March\u00e9 dans le centre historique ou le Parking Pr\u00e9fecture comme alternative. Nous recommandons de v\u00e9rifier les tarifs sur place avant votre venue.<\/p>\n<p>Les <strong>transports en commun rouennais<\/strong> desservent efficacement le secteur avec la station de m\u00e9tro <strong>Th\u00e9\u00e2tre des Arts<\/strong>, la plus proche de l&rsquo;\u00e9tablissement. Les lignes de bus TEOR T1 et T3 s&rsquo;arr\u00eatent au Boulevard des Belges. Pour planifier pr\u00e9cis\u00e9ment votre trajet et consulter les horaires, rendez-vous sur le site officiel du r\u00e9seau de transport de la m\u00e9tropole. Le <a href=\"https:\/\/www.jds.fr\/rouen\/salle-de-concert-spectacle\/theatre-a-l-ouest-17277_L\" target=\"_blank\" rel=\"noopener\">Th\u00e9\u00e2tre \u00e0 l&rsquo;Ouest<\/a> reste facilement accessible depuis toute l&rsquo;agglom\u00e9ration rouennaise.<\/p>\n<p class=\"mise_en_avant\">Notre conseil\u00a0: privil\u00e9giez les transports en commun avec la station de m\u00e9tro Th\u00e9\u00e2tre des Arts qui vous d\u00e9pose \u00e0 proximit\u00e9 imm\u00e9diate du lieu de spectacle.<\/p>\n<p>Apr\u00e8s cette soir\u00e9e d&rsquo;humour avec Wary Nichen, le Th\u00e9\u00e2tre \u00e0 l&rsquo;Ouest poursuivra sa programmation avec d&rsquo;autres spectacles comme <a href=\"https:\/\/www.jds.fr\/rouen\/spectacles\/humour\/out-of-office-comedy-1208088_A\" target=\"_blank\" rel=\"noopener\">Out Of Office Comedy au Th\u00e9\u00e2tre \u00e0 l&rsquo;Ouest<\/a>, confirmant la richesse de l&rsquo;offre culturelle de cette salle rouennaise.<\/p>\n","protected":false},"excerpt":{"rendered":"Wary Nichen investit la sc\u00e8ne rouennaise avec son spectacle\u00a0\u00ab\u00a0Solutions\u00a0\u00bb le mercredi 4 f\u00e9vrier 2026 \u00e0 19h. Le com\u00e9dien&hellip;\n","protected":false},"author":2,"featured_media":617631,"comment_status":"","ping_status":"","sticky":false,"template":"","format":"standard","meta":{"footnotes":""},"categories":[9587],"tags":[1111,11,1777,674,1011,27,12,5161,25,9590],"class_list":{"0":"post-617630","1":"post","2":"type-post","3":"status-publish","4":"format-standard","5":"has-post-thumbnail","7":"category-rouen","8":"tag-actu","9":"tag-actualites","10":"tag-eu","11":"tag-europe","12":"tag-fr","13":"tag-france","14":"tag-news","15":"tag-normandie","16":"tag-republique-francaise","17":"tag-rouen"},"share_on_mastodon":{"url":"https:\/\/pubeurope.com\/@fr\/115768331988148514","error":""},"_links":{"self":[{"href":"https:\/\/www.europesays.com\/fr\/wp-json\/wp\/v2\/posts\/617630","targetHints":{"allow":["GET"]}}],"collection":[{"href":"https:\/\/www.europesays.com\/fr\/wp-json\/wp\/v2\/posts"}],"about":[{"href":"https:\/\/www.europesays.com\/fr\/wp-json\/wp\/v2\/types\/post"}],"author":[{"embeddable":true,"href":"https:\/\/www.europesays.com\/fr\/wp-json\/wp\/v2\/users\/2"}],"replies":[{"embeddable":true,"href":"https:\/\/www.europesays.com\/fr\/wp-json\/wp\/v2\/comments?post=617630"}],"version-history":[{"count":0,"href":"https:\/\/www.europesays.com\/fr\/wp-json\/wp\/v2\/posts\/617630\/revisions"}],"wp:featuredmedia":[{"embeddable":true,"href":"https:\/\/www.europesays.com\/fr\/wp-json\/wp\/v2\/media\/617631"}],"wp:attachment":[{"href":"https:\/\/www.europesays.com\/fr\/wp-json\/wp\/v2\/media?parent=617630"}],"wp:term":[{"taxonomy":"category","embeddable":true,"href":"https:\/\/www.europesays.com\/fr\/wp-json\/wp\/v2\/categories?post=617630"},{"taxonomy":"post_tag","embeddable":true,"href":"https:\/\/www.europesays.com\/fr\/wp-json\/wp\/v2\/tags?post=617630"}],"curies":[{"name":"wp","href":"https:\/\/api.w.org\/{rel}","templated":true}]}}