{"id":617632,"date":"2025-12-23T10:08:11","date_gmt":"2025-12-23T10:08:11","guid":{"rendered":"https:\/\/www.europesays.com\/fr\/617632\/"},"modified":"2025-12-23T10:08:11","modified_gmt":"2025-12-23T10:08:11","slug":"du-froid-et-de-la-neige-pour-noel-en-isere-a-quoi-sattendre","status":"publish","type":"post","link":"https:\/\/www.europesays.com\/fr\/617632\/","title":{"rendered":"du froid et de la neige pour No\u00ebl en Is\u00e8re, \u00e0 quoi s&rsquo;attendre"},"content":{"rendered":"<p>                    Par<br \/>\n        <strong><br \/>\n            <a href=\"https:\/\/actu.fr\/auteur\/lisa-rodrigues\" title=\"Consulter tous les articles de Lisa Rodrigues\" target=\"_blank\" rel=\"noopener\">Lisa Rodrigues<\/a><br \/>\n                    <\/strong><\/p>\n<p>        Publi\u00e9 le<\/p>\n<p>            23 d\u00e9c. 2025 \u00e0 10h32        <\/p>\n<p>De <strong>la neige \u00e0 No\u00ebl<\/strong> cette ann\u00e9e en <a href=\"https:\/\/actu.fr\/auvergne-rhone-alpes\/isere_38\" target=\"_blank\" rel=\"noopener\">Is\u00e8re<\/a>, c\u2019est possible. Ou du moins, les derni\u00e8res pr\u00e9visions m\u00e9t\u00e9orologiques laissent \u00e0 penser qu\u2019un l\u00e9ger manteau blanc pourrait recouvrir le paysage pile \u00e0 temps pour les f\u00eates.<\/p>\n<p class=\" wall-content\">Le tout va \u00eatre accompagn\u00e9 d\u2019un <a href=\"https:\/\/actu.fr\/meteo\/c-est-quoi-une-goutte-froide-ce-phenomene-meteo-qui-va-traverser-et-refroidir-la-france_61848652.html\" target=\"_blank\" rel=\"noopener\">ph\u00e9nom\u00e8ne de \u00ab\u00a0goutte froide\u00a0\u00bb<\/a> \u2013 une poche d\u2019air froid en altitude \u2013 qui va faire <strong>brutalement chuter les temp\u00e9ratures<\/strong> d\u00e8s mercredi 24 d\u00e9cembre.\u00a0<\/p>\n<p>\u00ab\u00a0De petites chutes de neige en plaine\u00a0\u00bb<\/p>\n<p class=\" wall-content\">M\u00e9t\u00e9o-France pr\u00e9cise ainsi qu\u2019il \u00ab\u00a0pourrait neiger, notamment la nuit du r\u00e9veillon, \u00e0 basse altitude dans la vall\u00e9e du Rh\u00f4ne\u00a0\u00bb et que de \u00ab\u00a0petites chutes de neige se produiront jusqu\u2019en plaine\u00a0\u00bb.<\/p>\n<p class=\" wall-content\">Concernant l\u2019Is\u00e8re, <strong>un saupoudrage<\/strong> est attendu, sans arriver <a href=\"https:\/\/actu.fr\/auvergne-rhone-alpes\/grenoble_38185\/en-images-plusieurs-centimetres-de-neige-tombes-a-grenoble-la-ville-sous-un-manteau-blanc_63467573.html\" target=\"_blank\" rel=\"noopener\">aux fortes chutes de neige<\/a> de fin novembre.<\/p>\n<p class=\" wall-content\"><a href=\"https:\/\/www.meteo-grenoble.com\/previsions\" target=\"_blank\" rel=\"noopener\">M\u00e9t\u00e9o-Villes<\/a> pr\u00e9cise ainsi que quelques flocons pourraient survenir \u00e0 Grenoble dans la soir\u00e9e. Du c\u00f4t\u00e9 de <a href=\"https:\/\/www.facebook.com\/meteocentreisere\" target=\"_blank\" rel=\"noopener\">M\u00e9t\u00e9o Centre-Is\u00e8re<\/a>, on \u00e9voque aussi de \u00ab\u00a0faibles chutes de neige\u00a0\u00bb sur le nord du d\u00e9partement. \u00ab\u00a0Quelques centim\u00e8tres seront possibles jeudi au r\u00e9veil, donnant un c\u00f4t\u00e9 magique pour d\u00e9buter la journ\u00e9e de No\u00ebl.\u00a0\u00bb\u00a0<\/p>\n<p>    <a href=\"https:\/\/www.facebook.com\/plugins\/post.php?href=https%3A%2F%2Fwww.facebook.com%2Fmeteocentreisere%2Fposts%2Fpfbid0botcK4XXBy6GnT4eiUjxUvMjbpsXqwY8GGc9X7LCQ6Zxp2RGc6rr2UYqAgTD1eGEl&amp;show_text=true&amp;width=350\" title=\"Ouvrie le lien\" target=\"_blank\" rel=\"noopener\">Cliquez ici pour visualiser le contenu<\/a><\/p>\n<p class=\" wall-content\">Le dernier \u00ab\u00a0No\u00ebl blanc\u00a0\u00bb remonte \u00e0 2010, o\u00f9 la r\u00e9gion Rh\u00f4ne-Alpes a \u00e9t\u00e9 recouverte d\u2019un l\u00e9ger manteau neigeux pour les f\u00eates.\u00a0<\/p>\n<p>Votre r\u00e9gion, votre actu !<\/p>\n<p>Recevez chaque jour les infos qui comptent pour vous.<\/p>\n<p>\t<a href=\"https:\/\/actu.fr\/newsletter\" class=\"ac-btn ac-btn--corner ac-btn--medium ac-btn--blue800\" target=\"_blank\" rel=\"noopener\">S&rsquo;incrire<\/a><br \/>\nLe No\u00ebl le plus froid depuis 15 ans<\/p>\n<p class=\" wall-content\">C\u00f4t\u00e9 temp\u00e9ratures, le mercure va bien diminuer, apr\u00e8s un <strong>mois de d\u00e9cembre plut\u00f4t doux<\/strong>.<\/p>\n<p class=\" wall-content\">D\u00e8s mercredi 24 d\u00e9cembre au matin, le maximum sera de 4\u00b0C pour <a href=\"https:\/\/actu.fr\/auvergne-rhone-alpes\/grenoble_38185\" target=\"_blank\" rel=\"noopener\">Grenoble<\/a> ou Valjouffrey, selon M\u00e9t\u00e9o-France. Des flocons sont aussi attendus en altitude, notamment \u00e0 <a href=\"https:\/\/actu.fr\/auvergne-rhone-alpes\/villard-de-lans_38548\" target=\"_blank\" rel=\"noopener\">Villard-de-Lans<\/a>, o\u00f9 les temp\u00e9ratures n\u00e9gatives sont aussi annonc\u00e9es pour la soir\u00e9e du r\u00e9veillon.<\/p>\n<p class=\" wall-content\">Concernant jeudi 25 d\u00e9cembre, la baisse des temp\u00e9ratures se confirme, malgr\u00e9 un ciel qui devrait \u00eatre relativement d\u00e9gag\u00e9 : 3\u00b0C \u00e0 <a href=\"https:\/\/actu.fr\/auvergne-rhone-alpes\/vienne_38544\" target=\"_blank\" rel=\"noopener\">Vienne<\/a> ou Saint-Marcellin, 2\u00b0C \u00e0 <a href=\"https:\/\/actu.fr\/auvergne-rhone-alpes\/villefontaine_38553\" target=\"_blank\" rel=\"noopener\">Villefontaine<\/a>. Attention dans la nuit, les temp\u00e9ratures seront n\u00e9gatives dans le Nord-Is\u00e8re.\u00a0<\/p>\n<p class=\" wall-content\">No\u00ebl 2025 pourrait ainsi \u00eatre<strong> le plus froid depuis 15 ans<\/strong>, selon plusieurs m\u00e9t\u00e9orologistes.\u00a0<\/p>\n<p class=\" wall-content\">Personnalisez votre actualit\u00e9 en ajoutant vos villes et m\u00e9dias en favori avec <a href=\"https:\/\/moncompte.actu.fr\" title=\"D\u00e9couvez Mon Actu\" rel=\"nofollow noopener\" data-trk=\"{&quot;cta&quot;:{&quot;action&quot;:&quot;https:\\\/\\\/moncompte.actu.fr&quot;,&quot;category&quot;:&quot;mon compte&quot;,&quot;from&quot;:&quot;article footer&quot;,&quot;name&quot;:&quot;Mon actu&quot;,&quot;type&quot;:&quot;cta&quot;}}\" target=\"_blank\">Mon Actu<\/a>.<\/p>\n","protected":false},"excerpt":{"rendered":"Par Lisa Rodrigues Publi\u00e9 le 23 d\u00e9c. 2025 \u00e0 10h32 De la neige \u00e0 No\u00ebl cette ann\u00e9e en&hellip;\n","protected":false},"author":2,"featured_media":617633,"comment_status":"","ping_status":"","sticky":false,"template":"","format":"standard","meta":{"footnotes":""},"categories":[9566],"tags":[1111,11,2430,1777,674,1011,27,3447,2731,2487,10584,12,15830,25],"class_list":{"0":"post-617632","1":"post","2":"type-post","3":"status-publish","4":"format-standard","5":"has-post-thumbnail","7":"category-grenoble","8":"tag-actu","9":"tag-actualites","10":"tag-auvergne-rhone-alpes","11":"tag-eu","12":"tag-europe","13":"tag-fr","14":"tag-france","15":"tag-froid","16":"tag-grenoble","17":"tag-meteo","18":"tag-neige","19":"tag-news","20":"tag-noel","21":"tag-republique-francaise"},"share_on_mastodon":{"url":"","error":""},"_links":{"self":[{"href":"https:\/\/www.europesays.com\/fr\/wp-json\/wp\/v2\/posts\/617632","targetHints":{"allow":["GET"]}}],"collection":[{"href":"https:\/\/www.europesays.com\/fr\/wp-json\/wp\/v2\/posts"}],"about":[{"href":"https:\/\/www.europesays.com\/fr\/wp-json\/wp\/v2\/types\/post"}],"author":[{"embeddable":true,"href":"https:\/\/www.europesays.com\/fr\/wp-json\/wp\/v2\/users\/2"}],"replies":[{"embeddable":true,"href":"https:\/\/www.europesays.com\/fr\/wp-json\/wp\/v2\/comments?post=617632"}],"version-history":[{"count":0,"href":"https:\/\/www.europesays.com\/fr\/wp-json\/wp\/v2\/posts\/617632\/revisions"}],"wp:featuredmedia":[{"embeddable":true,"href":"https:\/\/www.europesays.com\/fr\/wp-json\/wp\/v2\/media\/617633"}],"wp:attachment":[{"href":"https:\/\/www.europesays.com\/fr\/wp-json\/wp\/v2\/media?parent=617632"}],"wp:term":[{"taxonomy":"category","embeddable":true,"href":"https:\/\/www.europesays.com\/fr\/wp-json\/wp\/v2\/categories?post=617632"},{"taxonomy":"post_tag","embeddable":true,"href":"https:\/\/www.europesays.com\/fr\/wp-json\/wp\/v2\/tags?post=617632"}],"curies":[{"name":"wp","href":"https:\/\/api.w.org\/{rel}","templated":true}]}}