{"id":617637,"date":"2025-12-23T10:12:36","date_gmt":"2025-12-23T10:12:36","guid":{"rendered":"https:\/\/www.europesays.com\/fr\/617637\/"},"modified":"2025-12-23T10:12:36","modified_gmt":"2025-12-23T10:12:36","slug":"ille-et-vilaine-grave-accident-sur-la84","status":"publish","type":"post","link":"https:\/\/www.europesays.com\/fr\/617637\/","title":{"rendered":"Ille-et-Vilaine : grave accident sur l\u2019A84"},"content":{"rendered":"<p>                    Par<br \/>\n        <strong><br \/>\n            <a href=\"https:\/\/actu.fr\/auteur\/remi-charrondiere\" title=\"Consulter tous les articles de R\u00e9mi Charrondi\u00e8re\" target=\"_blank\" rel=\"noopener\">R\u00e9mi Charrondi\u00e8re<\/a><br \/>\n                    <\/strong><\/p>\n<p>        Publi\u00e9 le<\/p>\n<p>            22 d\u00e9c. 2025 \u00e0 18h18        <\/p>\n<p>Un <b>grave accident <\/b>s\u2019est produit sur l\u2019autoroute <b>A84 <\/b>entre <a href=\"https:\/\/actu.fr\/bretagne\/fougeres_35115\" target=\"_blank\" rel=\"noopener\">Foug\u00e8res<\/a> et Rennes (Ille-et-Vilaine), dans la <b>nuit <\/b>du dimanche\u00a021 au lundi 22\u00a0d\u00e9cembre.<\/p>\n<p class=\" wall-content\">Entre <b>23\u00a0heures<\/b> et minuit, alors qu\u2019il <b>circulait <\/b>dans le sens Rennes-Caen, peu apr\u00e8s <b>Saint-Aubin-du-Cormier<\/b>, le conducteur d\u2019une Renault <b>Clio <\/b>a perdu le <b>contr\u00f4le <\/b>de son v\u00e9hicule.<\/p>\n<p>La victime d\u00e9sincarc\u00e9r\u00e9e<\/p>\n<p class=\" wall-content\">Apr\u00e8s plusieurs <b>tonneaux<\/b>, la voiture a termin\u00e9 \u00e0 <b>contresens<\/b>. Arriv\u00e9s sur les lieux, les <b>pompiers <\/b>ont d\u00fb <b>d\u00e9sincarc\u00e9rer <\/b>la victime, qui \u00e9tait <b>seule <\/b>\u00e0 bord. Le conducteur a ensuite \u00e9t\u00e9 <b>transport\u00e9 <\/b>vers le CHU de Rennes-Pontchaillou.<\/p>\n<p>    <img   decoding=\"async\" loading=\"lazy\" class=\"size-large\" src=\"https:\/\/www.europesays.com\/fr\/wp-content\/uploads\/2025\/12\/84a10a9b7949678a10a9b79494ca10v-960x640.jpg\" alt=\"accident a84 saint aubin du cormier clio\" width=\"960\" height=\"640\"\/><br \/>\n    Le conducteur a d\u00fb \u00eatre d\u00e9sincarc\u00e9r\u00e9. \u00a9La Chronique r\u00e9publicaine<\/p>\n<p class=\" wall-content\">Selon nos confr\u00e8res d\u2019<a href=\"https:\/\/www.ouest-france.fr\/societe\/faits-divers\/sa-voiture-part-en-tonneaux-sur-la84-un-conducteur-de-24-ans-gravement-blesse-en-ille-et-vilaine-de926178-df1a-11f0-ae25-7dba037201f1\" target=\"_blank\" rel=\"noopener\">Ouest-France<\/a>, il s\u2019agit d\u2019un jeune homme de <b>24\u00a0ans<\/b>, dont le <b>pronostic vital <\/b>\u00e9tait engag\u00e9 dimanche soir.<\/p>\n<p class=\" wall-content\">D\u2019apr\u00e8s nos <b>informations<\/b>, le <b>Samu <\/b>\u00e9tait \u00e9galement pr\u00e9sent sur les lieux, de m\u00eame que les <b>gendarmes <\/b>qui ont ouvert une <b>enqu\u00eate<\/b>, pour d\u00e9terminer les <b>circonstances <\/b>de cet accident.<\/p>\n<p class=\" wall-content\">Personnalisez votre actualit\u00e9 en ajoutant vos villes et m\u00e9dias en favori avec <a href=\"https:\/\/moncompte.actu.fr\" title=\"D\u00e9couvez Mon Actu\" rel=\"nofollow noopener\" data-trk=\"{&quot;cta&quot;:{&quot;action&quot;:&quot;https:\\\/\\\/moncompte.actu.fr&quot;,&quot;category&quot;:&quot;mon compte&quot;,&quot;from&quot;:&quot;article footer&quot;,&quot;name&quot;:&quot;Mon actu&quot;,&quot;type&quot;:&quot;cta&quot;}}\" target=\"_blank\">Mon Actu<\/a>.<\/p>\n","protected":false},"excerpt":{"rendered":"Par R\u00e9mi Charrondi\u00e8re Publi\u00e9 le 22 d\u00e9c. 2025 \u00e0 18h18 Un grave accident s\u2019est produit sur l\u2019autoroute A84&hellip;\n","protected":false},"author":2,"featured_media":617638,"comment_status":"","ping_status":"","sticky":false,"template":"","format":"standard","meta":{"footnotes":""},"categories":[2821],"tags":[119,1111,11,28416,829,1777,674,118,1011,27,12,1311,584,25],"class_list":{"0":"post-617637","1":"post","2":"type-post","3":"status-publish","4":"format-standard","5":"has-post-thumbnail","7":"category-rennes","8":"tag-accident","9":"tag-actu","10":"tag-actualites","11":"tag-autoroute-84-a84","12":"tag-bretagne","13":"tag-eu","14":"tag-europe","15":"tag-faits-divers","16":"tag-fr","17":"tag-france","18":"tag-news","19":"tag-pompiers","20":"tag-rennes","21":"tag-republique-francaise"},"share_on_mastodon":{"url":"https:\/\/pubeurope.com\/@fr\/115768351466632403","error":""},"_links":{"self":[{"href":"https:\/\/www.europesays.com\/fr\/wp-json\/wp\/v2\/posts\/617637","targetHints":{"allow":["GET"]}}],"collection":[{"href":"https:\/\/www.europesays.com\/fr\/wp-json\/wp\/v2\/posts"}],"about":[{"href":"https:\/\/www.europesays.com\/fr\/wp-json\/wp\/v2\/types\/post"}],"author":[{"embeddable":true,"href":"https:\/\/www.europesays.com\/fr\/wp-json\/wp\/v2\/users\/2"}],"replies":[{"embeddable":true,"href":"https:\/\/www.europesays.com\/fr\/wp-json\/wp\/v2\/comments?post=617637"}],"version-history":[{"count":0,"href":"https:\/\/www.europesays.com\/fr\/wp-json\/wp\/v2\/posts\/617637\/revisions"}],"wp:featuredmedia":[{"embeddable":true,"href":"https:\/\/www.europesays.com\/fr\/wp-json\/wp\/v2\/media\/617638"}],"wp:attachment":[{"href":"https:\/\/www.europesays.com\/fr\/wp-json\/wp\/v2\/media?parent=617637"}],"wp:term":[{"taxonomy":"category","embeddable":true,"href":"https:\/\/www.europesays.com\/fr\/wp-json\/wp\/v2\/categories?post=617637"},{"taxonomy":"post_tag","embeddable":true,"href":"https:\/\/www.europesays.com\/fr\/wp-json\/wp\/v2\/tags?post=617637"}],"curies":[{"name":"wp","href":"https:\/\/api.w.org\/{rel}","templated":true}]}}