{"id":617639,"date":"2025-12-23T10:14:22","date_gmt":"2025-12-23T10:14:22","guid":{"rendered":"https:\/\/www.europesays.com\/fr\/617639\/"},"modified":"2025-12-23T10:14:22","modified_gmt":"2025-12-23T10:14:22","slug":"une-note-de-douceur-apporte-confort-et-soutien-aux-enfants-hospitalises-et-leurs-parents-a-lhopital-hautepierre","status":"publish","type":"post","link":"https:\/\/www.europesays.com\/fr\/617639\/","title":{"rendered":"\u201cUne note de douceur\u201c apporte confort et soutien aux enfants hospitalis\u00e9s et leurs parents \u00e0 l\u2019h\u00f4pital Hautepierre"},"content":{"rendered":"<p>\t<img decoding=\"async\" src=\"https:\/\/www.europesays.com\/fr\/wp-content\/uploads\/2025\/12\/2025122309431423Z1eEu96CAGewouhMFc_w1500.jpg\" alt=\"\" une=\"\" note=\"\" de=\"\" douceur=\"\" apporte=\"\" confort=\"\" et=\"\" soutien=\"\" aux=\"\" enfants=\"\" hospitalis=\"\" leurs=\"\" parents=\"\" l=\"\" hautepierre=\"\"\/><\/p>\n<p>\t<strong>Mallory a jou\u00e9 ce mardi matin au M\u00e9lodie Quizz \u00e0 notre antenne et a remport\u00e9 180\u20ac pour une association. L\u2019occasion pour nous, de parler de \u00ab Une note de douceur \u00bb qui apporte du confort aux enfants hospitalis\u00e9s dans deux services de l\u2019h\u00f4pital Hautepierre de Strasbourg.\u00a0<\/strong>&#13;<br \/>\n&#13;<\/p>\n<p class=\"MsoNormal\">Anne Blanc \u2013 membre de l\u2019association \u00ab Une note de douceur \u00bb<\/p>\n<p>&#13;<\/p>\n<p class=\"MsoNormal\"><strong>C\u2019est une association bas\u00e9e \u00e0 Strasbourg depuis 2012. Que faites-vous ? Quelles sont vos missions ? <\/strong><\/p>\n<p>&#13;<\/p>\n<blockquote><p>&#13;<\/p>\n<p class=\"MsoNormal\">C\u2019est une association qui a \u00e9t\u00e9 cr\u00e9\u00e9e il y a plus de 10 ans. Avec les fonds, l\u2019objectif est d\u2019am\u00e9liorer l\u2019environnement sonore, visuel des patients que nous accueillons dans notre service de r\u00e9animation et de soins intensifs : 10 enfants en r\u00e9animation et 8 enfants au sein du service de soins intensifs. Avec cet argent, on ach\u00e8te par exemple de la literie, des tire-laits pour aider les mamans, on peut acheter des fauteuils adapt\u00e9s parce qu\u2019on n\u2019a pas forc\u00e9ment assez de chambres accompagnantes, donc pour que les parents puissent rester dans les chambres. On ach\u00e8te des consoles de jeu, on peut acheter plein de choses pour essayer d\u2019am\u00e9liorer leur quotidien. On a un partenariat \u00e9galement avec un musicoth\u00e9rapeute qui vient 2h par semaine pour am\u00e9liorer leur quotidien aussi par la musique. C\u2019est gr\u00e2ce aux dons que cette parenth\u00e8se d\u2019hospitalisation peut se faire au mieux.<\/p>\n<p>&#13;\n<\/p><\/blockquote>\n<p>&#13;<\/p>\n<p class=\"MsoNormal\">\n<p>&#13;<\/p>\n<p class=\"MsoNormal\"><strong>Vous parlez d\u2019un intervenant en musique, est-ce qu\u2019il y en a d\u2019autres ? <\/strong><\/p>\n<p>&#13;<\/p>\n<blockquote><p>&#13;<\/p>\n<p class=\"MsoNormal\">On a aussi des membres de l\u2019\u00e9quipe qui ont \u00e9t\u00e9 form\u00e9s pour le chant avec des maracas, avec d\u2019autres objets musicaux. Sinon, on a aussi une ancienne infirmi\u00e8re qui vient faire des massages \u00e9galement avec les parents pour essayer d\u2019amener un petit moment d\u2019apaisement et de douceur avec les parents. On a aussi une autre association \u00ab\u00a0Semeurs d\u2019\u00e9toiles\u00a0\u00bb qui vient et une maman qui vient avec des petites pieuvres qu\u2019on peut proposer \u00e0 tous les enfants. On accueille des enfants de 0 \u00e0 18 ans et on peut donner ces petites pieuvres rassurantes \u00e0 n\u2019importe quels enfants, parce que c\u2019est vrai que le \u00ab\u00a0toucher\u00a0\u00bb, avoir quelque chose dans la main, de tortiller, c\u2019est bien parce que les enfants n\u2019ont pas toujours un parent avec eux, et nous on a beaucoup d\u2019enfants \u00e0 charge, on ne peut pas rester H24 avec eux. \u00c7a permet d\u2019avoir quelque chose de rassurant contre soi. \u00a0<\/p>\n<p>&#13;\n<\/p><\/blockquote>\n<p>&#13;<\/p>\n<p class=\"MsoNormal\">\n<p>&#13;<\/p>\n<p class=\"MsoNormal\"><strong>Qui sont les b\u00e9n\u00e9voles, vous \u00eates toutes des soignants de l\u2019h\u00f4pital ? <\/strong><\/p>\n<p>&#13;<\/p>\n<blockquote><p>&#13;<\/p>\n<p class=\"MsoNormal\">Oui, c\u2019est un ancien chef de service qui a ouvert cette association et \u00e7a a continu\u00e9. A chaque fois, il y a d\u2019autres membres qui se greffent \u00e0 cette association et au final on est assez nombreux : infirmi\u00e8res, pu\u00e9ricultrices, auxiliaires de pu\u00e9riculture, m\u00e9decin, il y a du monde !<\/p>\n<p>&#13;\n<\/p><\/blockquote>\n<p>&#13;<\/p>\n<p class=\"MsoNormal\">Pour <a href=\"https:\/\/www.helloasso.com\/associations\/une-note-de-douceur\/formulaires\/1\" target=\"_blank\" rel=\"noopener\">faire un don<\/a>.\u00a0<\/p>\n<p>&#13;<\/p>\n<p class=\"MsoNormal\"><img loading=\"lazy\" decoding=\"async\" src=\"https:\/\/www.europesays.com\/fr\/wp-content\/uploads\/2025\/12\/20251223094302000_mceclip0.jpg\" width=\"293\" height=\"390\"\/><\/p>\n","protected":false},"excerpt":{"rendered":"Mallory a jou\u00e9 ce mardi matin au M\u00e9lodie Quizz \u00e0 notre antenne et a remport\u00e9 180\u20ac pour une&hellip;\n","protected":false},"author":2,"featured_media":617640,"comment_status":"","ping_status":"","sticky":false,"template":"","format":"standard","meta":{"footnotes":""},"categories":[2820],"tags":[1111,11,4077,1719,1777,674,1011,27,775,28127,100,72805,12,236,58755,25,4984,640,72804],"class_list":{"0":"post-617639","1":"post","2":"type-post","3":"status-publish","4":"format-standard","5":"has-post-thumbnail","7":"category-strasbourg","8":"tag-actu","9":"tag-actualites","10":"tag-association","11":"tag-enfants","12":"tag-eu","13":"tag-europe","14":"tag-fr","15":"tag-france","16":"tag-grand-est","17":"tag-hautepierre","18":"tag-hopital","19":"tag-intensifs","20":"tag-news","21":"tag-pediatrie","22":"tag-reanimation","23":"tag-republique-francaise","24":"tag-soins","25":"tag-strasbourg","26":"tag-unenotededouceur"},"share_on_mastodon":{"url":"https:\/\/pubeurope.com\/@fr\/115768360477957410","error":""},"_links":{"self":[{"href":"https:\/\/www.europesays.com\/fr\/wp-json\/wp\/v2\/posts\/617639","targetHints":{"allow":["GET"]}}],"collection":[{"href":"https:\/\/www.europesays.com\/fr\/wp-json\/wp\/v2\/posts"}],"about":[{"href":"https:\/\/www.europesays.com\/fr\/wp-json\/wp\/v2\/types\/post"}],"author":[{"embeddable":true,"href":"https:\/\/www.europesays.com\/fr\/wp-json\/wp\/v2\/users\/2"}],"replies":[{"embeddable":true,"href":"https:\/\/www.europesays.com\/fr\/wp-json\/wp\/v2\/comments?post=617639"}],"version-history":[{"count":0,"href":"https:\/\/www.europesays.com\/fr\/wp-json\/wp\/v2\/posts\/617639\/revisions"}],"wp:featuredmedia":[{"embeddable":true,"href":"https:\/\/www.europesays.com\/fr\/wp-json\/wp\/v2\/media\/617640"}],"wp:attachment":[{"href":"https:\/\/www.europesays.com\/fr\/wp-json\/wp\/v2\/media?parent=617639"}],"wp:term":[{"taxonomy":"category","embeddable":true,"href":"https:\/\/www.europesays.com\/fr\/wp-json\/wp\/v2\/categories?post=617639"},{"taxonomy":"post_tag","embeddable":true,"href":"https:\/\/www.europesays.com\/fr\/wp-json\/wp\/v2\/tags?post=617639"}],"curies":[{"name":"wp","href":"https:\/\/api.w.org\/{rel}","templated":true}]}}