{"id":617645,"date":"2025-12-23T10:17:14","date_gmt":"2025-12-23T10:17:14","guid":{"rendered":"https:\/\/www.europesays.com\/fr\/617645\/"},"modified":"2025-12-23T10:17:14","modified_gmt":"2025-12-23T10:17:14","slug":"nice-senerve-et-contacte-un-ancien-crack-de-ligue-1","status":"publish","type":"post","link":"https:\/\/www.europesays.com\/fr\/617645\/","title":{"rendered":"Nice s&rsquo;\u00e9nerve et contacte un ancien crack de Ligue 1"},"content":{"rendered":"<p><b>L\u2019OGC Nice s\u2019appr\u00eate \u00e0 animer le march\u00e9 des transferts hivernal. Les Aiglons souhaitent notamment apporter davantage de qualit\u00e9 \u00e0 leur milieu de terrain.<\/b><\/p>\n<p>L&rsquo;OGC <a href=\"https:\/\/www.foot01.com\/nice\/wahi-detourne-de-nice-seville-est-concerne\" target=\"_self\" rel=\"noopener\">Nice<\/a> traverse une p\u00e9riode de crise importante et cherche \u00e0 redresser la situation le plus rapidement possible. Heureusement pour les Aiglons, le <a href=\"https:\/\/www.foot01.com\/mercato\" title=\"Mercato\" target=\"_blank\" rel=\"noopener\">mercato<\/a> hivernal approche, offrant \u00e0 la direction l\u2019opportunit\u00e9 d\u2019effectuer plusieurs ajustements n\u00e9cessaires pour la suite de la saison. Au milieu de terrain, Franck Haise est \u00e0 la recherche d\u2019un profil capable de prendre le jeu \u00e0 son compte et de s\u2019investir sans compter. Nice pourrait ainsi trouver son bonheur du c\u00f4t\u00e9 de la Fiorentina.Richardson pour se relancer \u00e0 Nice ?\u00a0<\/p>\n<p>Selon les informations de Fabrizio Romano, les pensionnaires de l\u2019Allianz Riviera sont tr\u00e8s int\u00e9ress\u00e9s par le profil d\u2019Amir Richardson. Le milieu marocain a m\u00eame \u00e9t\u00e9 contact\u00e9 par l\u2019OGC Nice et pourrait effectuer un retour dans sa ville natale. Encore sous contrat avec la Fiorentina jusqu\u2019en juin 2029, il est estim\u00e9 \u00e0 environ 6,5 millions d\u2019euros, un montant largement dans les cordes du club ni\u00e7ois.<\/p>\n<p>\u00c0 l\u2019instar d\u2019Elye Wahi, Amir Richardson pourrait se relancer \u00e0 Nice. Peu utilis\u00e9 par le club italien depuis le d\u00e9but de la saison (quatre matchs disput\u00e9s) dans un contexte sportif compliqu\u00e9 \u00e0 Florence, l\u2019ancien joueur du Stade de Reims \u00e9voluerait chez les Aiglons dans une \u00e9quipe en difficult\u00e9, mais porteuse d\u2019ambitions renouvel\u00e9es pour l\u2019avenir. C\u2019est en tout cas le projet que le club azur\u00e9en devra lui pr\u00e9senter pour le convaincre.<\/p>\n<p>L\u2019OGC Nice s\u2019attend \u00e0 enregistrer des arriv\u00e9es notables cet hiver, mais devra \u00e9galement composer avec des d\u00e9parts importants. J\u00e9r\u00e9mie Boga et Terem Moffi ne souhaitent plus \u00e9voluer sous les couleurs du club, tandis que l\u2019avenir de Jonathan Clauss n\u2019est pas encore tranch\u00e9. Apr\u00e8s 16 rencontres disput\u00e9es en Ligue 1 cette saison, les hommes de Franck Haise occupent la 13e place avec seulement 17 points, soit cinq de plus qu\u2019Auxerre, actuel barragiste.<\/p>\n","protected":false},"excerpt":{"rendered":"L\u2019OGC Nice s\u2019appr\u00eate \u00e0 animer le march\u00e9 des transferts hivernal. Les Aiglons souhaitent notamment apporter davantage de qualit\u00e9&hellip;\n","protected":false},"author":2,"featured_media":613436,"comment_status":"","ping_status":"","sticky":false,"template":"","format":"standard","meta":{"footnotes":""},"categories":[2819],"tags":[1111,11,1777,674,1011,27,1434,12,2401,2268,882,25],"class_list":{"0":"post-617645","1":"post","2":"type-post","3":"status-publish","4":"format-standard","5":"has-post-thumbnail","7":"category-nice","8":"tag-actu","9":"tag-actualites","10":"tag-eu","11":"tag-europe","12":"tag-fr","13":"tag-france","14":"tag-mercato","15":"tag-news","16":"tag-nice","17":"tag-ogc-nice","18":"tag-provence-alpes-cote-dazur","19":"tag-republique-francaise"},"share_on_mastodon":{"url":"https:\/\/pubeurope.com\/@fr\/115768370560100484","error":""},"_links":{"self":[{"href":"https:\/\/www.europesays.com\/fr\/wp-json\/wp\/v2\/posts\/617645","targetHints":{"allow":["GET"]}}],"collection":[{"href":"https:\/\/www.europesays.com\/fr\/wp-json\/wp\/v2\/posts"}],"about":[{"href":"https:\/\/www.europesays.com\/fr\/wp-json\/wp\/v2\/types\/post"}],"author":[{"embeddable":true,"href":"https:\/\/www.europesays.com\/fr\/wp-json\/wp\/v2\/users\/2"}],"replies":[{"embeddable":true,"href":"https:\/\/www.europesays.com\/fr\/wp-json\/wp\/v2\/comments?post=617645"}],"version-history":[{"count":0,"href":"https:\/\/www.europesays.com\/fr\/wp-json\/wp\/v2\/posts\/617645\/revisions"}],"wp:featuredmedia":[{"embeddable":true,"href":"https:\/\/www.europesays.com\/fr\/wp-json\/wp\/v2\/media\/613436"}],"wp:attachment":[{"href":"https:\/\/www.europesays.com\/fr\/wp-json\/wp\/v2\/media?parent=617645"}],"wp:term":[{"taxonomy":"category","embeddable":true,"href":"https:\/\/www.europesays.com\/fr\/wp-json\/wp\/v2\/categories?post=617645"},{"taxonomy":"post_tag","embeddable":true,"href":"https:\/\/www.europesays.com\/fr\/wp-json\/wp\/v2\/tags?post=617645"}],"curies":[{"name":"wp","href":"https:\/\/api.w.org\/{rel}","templated":true}]}}