{"id":617646,"date":"2025-12-23T10:18:14","date_gmt":"2025-12-23T10:18:14","guid":{"rendered":"https:\/\/www.europesays.com\/fr\/617646\/"},"modified":"2025-12-23T10:18:14","modified_gmt":"2025-12-23T10:18:14","slug":"aucun-bouchon-sur-le-peripherique","status":"publish","type":"post","link":"https:\/\/www.europesays.com\/fr\/617646\/","title":{"rendered":"aucun bouchon sur le p\u00e9riph\u00e9rique"},"content":{"rendered":"<p>                    Par<br \/>\n        <strong><br \/>\n            <a href=\"https:\/\/actu.fr\/auteur\/redaction-nantes\" title=\"Consulter tous les articles de R\u00e9daction Nantes\" target=\"_blank\" rel=\"noopener\">R\u00e9daction Nantes<\/a><br \/>\n                    <\/strong><\/p>\n<p>        Publi\u00e9 le<\/p>\n<p>            23 d\u00e9c. 2025 \u00e0 10h01        <\/p>\n<p>La circulation sur les routes de l\u2019agglom\u00e9ration nantaise est fluide, ce mardi 23 d\u00e9cembre 2025. <a href=\"https:\/\/www.bison-fute.gouv.fr\/courbes-bouchons,11025.html\" target=\"_blank\" rel=\"noopener\">Bison Fut\u00e9<\/a>, n\u2019a pas recens\u00e9 <b>plus de 4,5 km de bouchons cumul\u00e9s sur le p\u00e9riph\u00e9rique<\/b>.<\/p>\n<p class=\" wall-content\">\n<p>Une voie neutralis\u00e9e au nord du p\u00e9riph\u00e9rique<\/p>\n<p class=\" wall-content\">Sur la N137, dans le sens de Rennes vers Nantes, des agents proc\u00e8dent au fauchage des accotements \u00e0 Orvault. Une voie sera neutralis\u00e9e <b>jusqu\u2019\u00e0 17 h et la circulation se fera sur la voie de droite entre <a href=\"https:\/\/www.bison-fute.gouv.fr\/imprimer,article10599.html#:~:text=Un%20point%20de%20rep%C3%A8re%20(PR,selon%20le%20dictionnaire%20du%20CEREMA).\" target=\"_blank\" rel=\"noopener\">les points de rep\u00e8re 32 et 30<\/a>.<\/b><\/p>\n<p class=\" wall-content\">Personnalisez votre actualit\u00e9 en ajoutant vos villes et m\u00e9dias en favori avec <a href=\"https:\/\/moncompte.actu.fr\" title=\"D\u00e9couvez Mon Actu\" rel=\"nofollow noopener\" data-trk=\"{&quot;cta&quot;:{&quot;action&quot;:&quot;https:\\\/\\\/moncompte.actu.fr&quot;,&quot;category&quot;:&quot;mon compte&quot;,&quot;from&quot;:&quot;article footer&quot;,&quot;name&quot;:&quot;Mon actu&quot;,&quot;type&quot;:&quot;cta&quot;}}\" target=\"_blank\">Mon Actu<\/a>.<\/p>\n","protected":false},"excerpt":{"rendered":"Par R\u00e9daction Nantes Publi\u00e9 le 23 d\u00e9c. 2025 \u00e0 10h01 La circulation sur les routes de l\u2019agglom\u00e9ration nantaise&hellip;\n","protected":false},"author":2,"featured_media":617647,"comment_status":"","ping_status":"","sticky":false,"template":"","format":"standard","meta":{"footnotes":""},"categories":[2818],"tags":[1111,11,3542,1777,674,1011,27,766,12,2636,4013,25,104],"class_list":{"0":"post-617646","1":"post","2":"type-post","3":"status-publish","4":"format-standard","5":"has-post-thumbnail","7":"category-nantes","8":"tag-actu","9":"tag-actualites","10":"tag-circulation","11":"tag-eu","12":"tag-europe","13":"tag-fr","14":"tag-france","15":"tag-nantes","16":"tag-news","17":"tag-pays-de-la-loire","18":"tag-peripherique","19":"tag-republique-francaise","20":"tag-societe"},"share_on_mastodon":{"url":"https:\/\/pubeurope.com\/@fr\/115768374396560017","error":""},"_links":{"self":[{"href":"https:\/\/www.europesays.com\/fr\/wp-json\/wp\/v2\/posts\/617646","targetHints":{"allow":["GET"]}}],"collection":[{"href":"https:\/\/www.europesays.com\/fr\/wp-json\/wp\/v2\/posts"}],"about":[{"href":"https:\/\/www.europesays.com\/fr\/wp-json\/wp\/v2\/types\/post"}],"author":[{"embeddable":true,"href":"https:\/\/www.europesays.com\/fr\/wp-json\/wp\/v2\/users\/2"}],"replies":[{"embeddable":true,"href":"https:\/\/www.europesays.com\/fr\/wp-json\/wp\/v2\/comments?post=617646"}],"version-history":[{"count":0,"href":"https:\/\/www.europesays.com\/fr\/wp-json\/wp\/v2\/posts\/617646\/revisions"}],"wp:featuredmedia":[{"embeddable":true,"href":"https:\/\/www.europesays.com\/fr\/wp-json\/wp\/v2\/media\/617647"}],"wp:attachment":[{"href":"https:\/\/www.europesays.com\/fr\/wp-json\/wp\/v2\/media?parent=617646"}],"wp:term":[{"taxonomy":"category","embeddable":true,"href":"https:\/\/www.europesays.com\/fr\/wp-json\/wp\/v2\/categories?post=617646"},{"taxonomy":"post_tag","embeddable":true,"href":"https:\/\/www.europesays.com\/fr\/wp-json\/wp\/v2\/tags?post=617646"}],"curies":[{"name":"wp","href":"https:\/\/api.w.org\/{rel}","templated":true}]}}