{"id":617662,"date":"2025-12-23T10:27:16","date_gmt":"2025-12-23T10:27:16","guid":{"rendered":"https:\/\/www.europesays.com\/fr\/617662\/"},"modified":"2025-12-23T10:27:16","modified_gmt":"2025-12-23T10:27:16","slug":"un-vol-a-destination-de-montpellier-deroute-a-marseille-en-raison-des-intemperies","status":"publish","type":"post","link":"https:\/\/www.europesays.com\/fr\/617662\/","title":{"rendered":"Un vol \u00e0 destination de Montpellier d\u00e9rout\u00e9 \u00e0 Marseille en raison des intemp\u00e9ries"},"content":{"rendered":"<p>\n    Ce lundi, un vol EasyJet en provenance de Londres et \u00e0 destination de Montpellier a d\u00fb \u00eatre d\u00e9rout\u00e9 \u00e0 Marseille \u00e0 cause des intemp\u00e9ries qui ont particuli\u00e8rement touch\u00e9 la r\u00e9gion. Les 173 passagers ont ensuite regagn\u00e9 la pr\u00e9fecture de l\u2019H\u00e9rault en bus.<\/p>\n<p class=\"fig-paragraph\">Les passagers de ce vol n\u2019avaient certainement pas imagin\u00e9 arriver \u00e0 destination&#8230; en car. Ce lundi, le vol\u00a0<a href=\"http:\/\/www.lefigaro.fr\/societes\/week-ends-vacances-a-la-plage-5-etoiles-tout-compris-easyjet-porte-par-sa-diversification-dans-les-offres-de-sejours-20251125\" data-fig-type=\"Article\" data-gtm-custom-categorie=\"navigation\" data-gtm-custom-action=\"crossclick\" data-gtm-custom-label=\"Contextuel\" data-gtm-event=\"customEventSPE\" data-fig-domain=\"LEFIGARO\" target=\"_blank\" rel=\"noopener\">EasyJet\u00a0<\/a>parti de l\u2019a\u00e9roport de l\u2019a\u00e9roport londonien de\u00a0<a href=\"http:\/\/www.lefigaro.fr\/flash-eco\/londres-reporte-son-feu-vert-a-l-expansion-de-l-aeroport-gatwick-mais-se-dit-dispose-a-l-approuver-20250227\" data-fig-type=\"NewsFlash\" data-gtm-custom-categorie=\"navigation\" data-gtm-custom-action=\"crossclick\" data-gtm-custom-label=\"Contextuel\" data-gtm-event=\"customEventSPE\" data-fig-domain=\"LEFIGARO\" target=\"_blank\" rel=\"noopener\">Gatwick\u00a0<\/a>\u00e0 6 h 15 n\u2019a pas atterri \u00e0\u00a0<a href=\"http:\/\/www.lefigaro.fr\/actualite-france\/tout-le-contraire-de-villes-apaisees-de-paris-a-montpellier-quand-les-politiques-antivoiture-ont-des-rates-20251220\" data-fig-type=\"Article\" data-gtm-custom-categorie=\"navigation\" data-gtm-custom-action=\"crossclick\" data-gtm-custom-label=\"Contextuel\" data-gtm-event=\"customEventSPE\" data-fig-domain=\"LEFIGARO\" target=\"_blank\" rel=\"noopener\">Montpellier\u00a0<\/a>comme pr\u00e9vu, mais \u00e0 Marseille.<\/p>\n<p class=\"fig-paragraph\">Le vol, parti \u00e0 l\u2019heure, a \u00e9t\u00e9 d\u00e9rout\u00e9 en raison des fortes intemp\u00e9ries\u00a0<a href=\"http:\/\/www.lefigaro.fr\/meteo\/intemperies-dans-l-herault-les-images-de-la-crue-inedite-a-agde-20251223\" data-fig-type=\"NewsFlash\" data-gtm-custom-categorie=\"navigation\" data-gtm-custom-action=\"crossclick\" data-gtm-custom-label=\"Contextuel\" data-gtm-event=\"customEventSPE\" data-fig-domain=\"LEFIGARO\" target=\"_blank\" rel=\"noopener\">qui touchent l\u2019H\u00e9rault<\/a>, selon un tweet des policiers des Bouches-du-Rh\u00f4ne qui ont d\u00fb g\u00e9rer la situation. \u00c0 bord se trouvaient pas moins de 173 passagers contr\u00f4l\u00e9s un par un par les membres de la police aux fronti\u00e8res de l\u2019a\u00e9roport de Marseille-Provence.<\/p>\n<p>                                            <a class=\"fig-a11y-skip\" href=\"#fig-a11y-skip-main-inarticle\" data-module=\"a11y-skip\" data-context=\"was @visible\"><br \/>\n    Passer la publicit\u00e9<br \/>\n<\/a>            <\/p>\n<p>                                            Crues exceptionnelles<\/p>\n<p class=\"fig-paragraph\">Les passagers ont ensuite \u00e9t\u00e9 achemin\u00e9s jusqu\u2019\u00e0 destination en bus. L\u2019H\u00e9rault\u00a0est plac\u00e9 depuis lundi en vigilance rouge pour des crues exceptionnelles avec des cumuls important de pluies qui font d\u00e9border le fleuve du d\u00e9partement et menacent la ville c\u00f4ti\u00e8re d\u2019Agde.<\/p>\n<p class=\"fig-paragraph\">La vigilance orange pluie-inondation a \u00e9t\u00e9 lev\u00e9e sur tous les d\u00e9partements, y compris l\u2019H\u00e9rault, o\u00f9 \u00ables pluies qui vont persister sont d\u00e9sormais d\u2019une intensit\u00e9 ne relevant plus du niveau orange\u00bb, indique M\u00e9t\u00e9o-France dans son dernier bulletin de 06 heures.<\/p>\n","protected":false},"excerpt":{"rendered":"Ce lundi, un vol EasyJet en provenance de Londres et \u00e0 destination de Montpellier a d\u00fb \u00eatre d\u00e9rout\u00e9&hellip;\n","protected":false},"author":2,"featured_media":617663,"comment_status":"","ping_status":"","sticky":false,"template":"","format":"standard","meta":{"footnotes":""},"categories":[2814],"tags":[1111,11,663,661,1777,674,1011,27,3059,884,2208,12,882,25],"class_list":{"0":"post-617662","1":"post","2":"type-post","3":"status-publish","4":"format-standard","5":"has-post-thumbnail","7":"category-marseille","8":"tag-actu","9":"tag-actualites","10":"tag-aeroport","11":"tag-easyjet","12":"tag-eu","13":"tag-europe","14":"tag-fr","15":"tag-france","16":"tag-intemperies","17":"tag-marseille","18":"tag-montpellier","19":"tag-news","20":"tag-provence-alpes-cote-dazur","21":"tag-republique-francaise"},"share_on_mastodon":{"url":"https:\/\/pubeurope.com\/@fr\/115768410101927394","error":""},"_links":{"self":[{"href":"https:\/\/www.europesays.com\/fr\/wp-json\/wp\/v2\/posts\/617662","targetHints":{"allow":["GET"]}}],"collection":[{"href":"https:\/\/www.europesays.com\/fr\/wp-json\/wp\/v2\/posts"}],"about":[{"href":"https:\/\/www.europesays.com\/fr\/wp-json\/wp\/v2\/types\/post"}],"author":[{"embeddable":true,"href":"https:\/\/www.europesays.com\/fr\/wp-json\/wp\/v2\/users\/2"}],"replies":[{"embeddable":true,"href":"https:\/\/www.europesays.com\/fr\/wp-json\/wp\/v2\/comments?post=617662"}],"version-history":[{"count":0,"href":"https:\/\/www.europesays.com\/fr\/wp-json\/wp\/v2\/posts\/617662\/revisions"}],"wp:featuredmedia":[{"embeddable":true,"href":"https:\/\/www.europesays.com\/fr\/wp-json\/wp\/v2\/media\/617663"}],"wp:attachment":[{"href":"https:\/\/www.europesays.com\/fr\/wp-json\/wp\/v2\/media?parent=617662"}],"wp:term":[{"taxonomy":"category","embeddable":true,"href":"https:\/\/www.europesays.com\/fr\/wp-json\/wp\/v2\/categories?post=617662"},{"taxonomy":"post_tag","embeddable":true,"href":"https:\/\/www.europesays.com\/fr\/wp-json\/wp\/v2\/tags?post=617662"}],"curies":[{"name":"wp","href":"https:\/\/api.w.org\/{rel}","templated":true}]}}