{"id":617670,"date":"2025-12-23T10:32:20","date_gmt":"2025-12-23T10:32:20","guid":{"rendered":"https:\/\/www.europesays.com\/fr\/617670\/"},"modified":"2025-12-23T10:32:20","modified_gmt":"2025-12-23T10:32:20","slug":"filet-anti-pigeons-dans-un-immeuble-ratp-habitat-linquietude-dun-collectif-de-defense-des-animaux","status":"publish","type":"post","link":"https:\/\/www.europesays.com\/fr\/617670\/","title":{"rendered":"filet anti-pigeons dans un immeuble RATP Habitat, l&rsquo;inqui\u00e9tude d&rsquo;un collectif de d\u00e9fense des animaux"},"content":{"rendered":"<p class=\"article__intro\">Un collectif de d\u00e9fense pour le droit des animaux d\u00e9plore la mise en place de filets anti-pigeons, dans un immeuble du 14e arrondissement de Paris. Selon Pinpon Pigeon, ces protections plac\u00e9es par RATP Habitat constituent une menace pour ces oiseaux.<\/p>\n<p>\n      La Quotidienne Soci\u00e9t\u00e9\n    <\/p>\n<p>\n      De la vie quotidienne aux grands enjeux, recevez tous les jours les sujets qui font la soci\u00e9t\u00e9 locale, comme la justice, l\u2019\u00e9ducation, la sant\u00e9 et la famille.\n    <\/p>\n<p>    France T\u00e9l\u00e9visions utilise votre adresse e-mail afin de vous envoyer la newsletter \u00ab\u00a0La Quotidienne Soci\u00e9t\u00e9\u00a0\u00bb. Vous pouvez vous d\u00e9sinscrire \u00e0 tout moment via le lien en bas de cette newsletter. <a target=\"_blank\" href=\"https:\/\/www.francetelevisions.fr\/groupe\/confidentialite\/politique-de-confidentialite\/politique-de-confidentialite-de-france-televisions-6503\" rel=\"noopener\">Notre politique de confidentialit\u00e9<\/a><\/p>\n<p>Jessy Picard habite \u00e0 Paris et est membre du collectif Pinpon Pigeon. D\u2019apr\u00e8s cette journaliste pigiste, tout commence par une alerte sur un groupe WhatsApp dont elle est membre.<\/p>\n<p>\u00ab\u00a0Vendredi 12 d\u00e9cembre, il y a eu un signalement pour une vingtaine de pigeons coinc\u00e9s dans des filets que place justement la RATP, pour emp\u00eacher les oiseaux d\u2019aller nicher. On a vu 10 adultes, puis lorsqu\u2019on a grimp\u00e9 pour aller voir, il y avait aussi sept \u00e0 huit petits. Si personne ne faisait quoi que ce soit, ils ne pouvaient pas sortir. Ils peuvent \u00eatre morts de faim et morts de soif\u00a0\u00bb, relate cette militante des droits des animaux.<\/p>\n<p>Elle contacte alors la permanence d\u2019urgence de RATP Habitat\u00a0: \u00ab\u00a0La personne me dit\u00a0: \u2018Non, nous ne ferons rien. Les pigeons ne sont pas dans notre classification des urgences. Ce \u00e0 quoi je lui r\u00e9ponds\u00a0: \u2018Mais pour les fuites d\u2019eau, par contre, vous vous d\u00e9placez\u00a0?\u2019. Elle m\u2019indique alors que c\u2019est le cas. Je commence \u00e0 m\u2019\u00e9nerver, et on me demande donc d\u2019appeler l\u2019agence le lundi qui suit.\u00a0\u00bb<\/p>\n<\/p>\n<p>Le collectif prend donc une d\u00e9cision. \u00ab\u00a0Le samedi 13 d\u00e9cembre, on a fait un petit trou dans le filet, pour laisser sortir les adultes\u00a0\u00bb, compl\u00e8te Jessy Picard.<\/p>\n<p>Avant de r\u00e9aliser cette action, le collectif clame avoir d\u2019abord avis\u00e9 le bailleur. Pinpon Pigeon affirme avoir envoy\u00e9 une lettre, dont nous avons pu consulter le contenu\u00a0: \u00ab\u00a0On a \u00e9videmment pr\u00e9venu RATP Habitat, puisqu\u2019on n\u2019est pas des vandales. On va reboucher le trou, mais laissez-nous 15 jours pour que les b\u00e9b\u00e9s soient autonomes et qu\u2019ils s\u2019en aillent. Remettez ensuite votre filet.\u00a0\u00bb<\/p>\n<p>Pour les militants, ce dispositif n\u2019est pas adapt\u00e9. Argument avanc\u00e9\u00a0: certains pigeons ne sont pas r\u00e9pertori\u00e9s en tant qu\u2019esp\u00e8ces nuisibles, au sens de la loi. \u00c0 la diff\u00e9rence des pigeons ramiers, les bisets ne sont pas consid\u00e9r\u00e9s comme tels, <a href=\"https:\/\/www.drieat.ile-de-france.developpement-durable.gouv.fr\/qu-est-ce-qu-une-espece-susceptibles-d-occasionner-a3327.html\" target=\"_blank\" rel=\"noopener noreferrer nofollow\" data-tooltip-url=\"https:\/\/www.drieat.ile-de-france.developpement-durable.gouv.fr\/qu-est-ce-qu-une-espece-susceptibles-d-occasionner-a3327.html\">au sens de la liste de la Direction r\u00e9gionale et interd\u00e9partementale de l\u2019environnement, de l\u2019am\u00e9nagement et des transports<\/a>. Selon le collectif, ce sont justement des bisets qui se trouvent actuellement sur place. \u00ab\u00a0Dans les oiseaux nuisibles, il y a notamment la corneille noire, le corbeau freux, la bernache du Canada et le corbeau. Si ce ne sont pas des nuisibles, cela implique alors qu\u2019il y a une maltraitance, un acte de cruaut\u00e9\u00a0\u00bb, objecte Jessy Picard.<\/p>\n<p>Les membres de Pinpon Pigeon affirment aussi avoir contact\u00e9 le service de presse de RATP Habitat. Des relations avec les m\u00e9dias qui sont encadr\u00e9es par la maison-m\u00e8re, en charge du transport \u00e0 Paris et dans sa r\u00e9gion. \u00ab\u00a0Le service de presse de la RATP ne r\u00e9pond pas \u00e0 mes multiples relances. Je les ai relanc\u00e9s trois \u00e0 quatre fois. On a finalement appris par le gardien de l\u2019immeuble qu\u2019une intervention est pr\u00e9vue mardi 23 d\u00e9cembre au matin. Sans que l\u2019on sache ce qu\u2019ils vont faire\u00a0: veulent-ils faire partir les oiseaux, ou reboucher le filet\u00a0? Si ces pigeons emb\u00eatent les gens, ce n\u2019est surement pas en les tuant que cela va changer grand-chose\u00a0\u00bb, ajoute cette journaliste.<\/p>\n<p>Interrog\u00e9, le gardien de l\u2019immeuble tient \u00e0 corriger ces affirmations. \u00ab\u00a0M\u00eame en voulant \u2018sauver les pigeons\u2019 comme ils le disent, il ne fallait pas intervenir comme \u00e7a et \u2018d\u00e9grader\u2019 le dispositif. Une personne a enlev\u00e9 les dalles du toit, une autre a coup\u00e9 le filet. Je suis alors intervenu. Le premier contact a pu \u00eatre un peu virulent envers eux, d\u2019accord, mais ils auraient d\u00fb demander au gardien. C\u2019est lui qui agit, et non comme cela a \u00e9t\u00e9 fait. Je pouvais porter plainte, mais malgr\u00e9 cela, nous nous sommes arrang\u00e9s et excus\u00e9s des deux c\u00f4t\u00e9s\u00a0\u00bb, r\u00e9agit Sma\u00efl Kajjouy.<\/p>\n<p>Ce filet de protection a \u00e9t\u00e9 install\u00e9 \u00ab\u00a0le 29 novembre dernier\u00a0\u00bb, selon le gardien. Une mesure justifi\u00e9e, d\u2019apr\u00e8s l\u2019employ\u00e9 du bailleur\u00a0: \u00ab\u00a0Il a \u00e9t\u00e9 demand\u00e9 de mettre le filet, parce que dehors, les gens nourrissent les pigeons. Ce qui fait qu\u2019ils entrent dans les locaux de la RATP, et que c&rsquo;\u00e9tait un vrai d\u00e9sastre, argumente Sma\u00efl Kajjouy. Je suis conscient que les pigeons posent des probl\u00e8mes pour la RATP, RATP Habitat et pour les locataires. C\u2019est bien d\u2019\u00eatre avec les pigeons, pour les animaux\u00a0: on n\u2019est pas sans c\u0153ur, mais comme <a href=\"http:\/\/france3-regions.franceinfo.fr\/paris-ile-de-france\/moche-les-pigeons-parisiens-ces-nuisibles-qui-envahissent-la-capitale-3251446.html#:~:text=Il%20s&#039;agit%20de%20la,nourrir%20sous%20peine%20d&#039;amende.\" target=\"_blank\" rel=\"noopener noreferrer nofollow\" data-tooltip-url=\"\/paris-ile-de-france\/moche-les-pigeons-parisiens-ces-nuisibles-qui-envahissent-la-capitale-3251446.html#:~:text=Il%20s&#039;agit%20de%20la,nourrir%20sous%20peine%20d&#039;amende.\">je vous le dis, c\u2019est nuisible<\/a>.\u00a0\u00bb Photos \u00e0 l\u2019appui, il montre la g\u00eane all\u00e9gu\u00e9e. \u00ab\u00a0Malgr\u00e9 le fait qu\u2019il y ait un filet, il y a des centaines de pigeons devant moi\u00a0\u00bb, d\u00e9crit-il.<\/p>\n<p><a data-article-figure=\"\" href=\"https:\/\/france3-regions.franceinfo.fr\/image\/yVL0AeiI2R2y8A7eysUhB0c-J8Q\/1080x642\/regions\/2025\/12\/22\/resized-20251222-111233-694964c71090f646268844.jpg\" data-pswp-width=\"1080\" data-pswp-height=\"642\" target=\"_blank\" rel=\"noopener\"><\/p>\n<p>          <img width=\"600\" height=\"400\" class=\"article-image lazy\" data-src=\"https:\/\/www.europesays.com\/fr\/wp-content\/uploads\/2025\/12\/resized-20251222-111233-694964c71090f646268844.jpg\" alt=\"Les pigeons sont nourris dans la rue et finissent par cr\u00e9er une g\u00eane, estime le gardien de cet immeuble du 14e arrondissement de Paris.\" fetchpriority=\"high\" as=\"image\"\/><\/p>\n<p>\n            Les pigeons sont nourris dans la rue et finissent par cr\u00e9er une g\u00eane, estime le gardien de cet immeuble du 14e arrondissement de Paris.<br \/>\n                           \u2022<br \/>\n                                      \u00a9 Document remis par Sma\u00efl Kajjouy\n                      <\/p>\n<p><\/a><\/p>\n<p>Quant au caract\u00e8re de l\u2019intervention pr\u00e9vue ce mardi 23 d\u00e9cembre, il apporte quelques pr\u00e9cisions suppl\u00e9mentaires. \u00ab\u00a0L&rsquo;entreprise qui a install\u00e9 le filet va passer demain. Une demande d\u2019intervention ne se fait pas comme \u00e7a et n\u00e9cessite une logistique. Ce sont des traitements de dossiers, la prise de rendez-vous, l\u2019\u00e9tablissement des bons de commande. Un monte-charge doit \u00eatre ramen\u00e9, et il ne suffit pas juste d\u2019enlever et de couper\u00a0\u00bb, avance le gardien de l\u2019immeuble.<\/p>\n<p>Il ajoute que les membres de ce collectif peuvent \u00eatre pr\u00e9sents, au cours de l\u2019op\u00e9ration. N\u00e9anmoins, hors de question de laisser la situation telle quelle, selon cet homme. \u00ab\u00a0On va sortir les pigeons, enlever les nids, puis on referme le filet\u00a0\u00bb, oppose le gardien.<\/p>\n<p>De son c\u00f4t\u00e9, la RATP a la charge de la communication de sa filiale immobili\u00e8re. Notre r\u00e9daction a donc contact\u00e9 l&rsquo;entreprise, ce lundi 22 d\u00e9cembre dans la matin\u00e9e. \u00c0 l&rsquo;heure de la mise en ligne de cet article, le service communication de la RATP n&rsquo;\u00e9tait pas encore en mesure de r\u00e9pondre \u00e0 nos questions sur ce sujet.<\/p>\n","protected":false},"excerpt":{"rendered":"Un collectif de d\u00e9fense pour le droit des animaux d\u00e9plore la mise en place de filets anti-pigeons, dans&hellip;\n","protected":false},"author":2,"featured_media":617671,"comment_status":"","ping_status":"","sticky":false,"template":"","format":"standard","meta":{"footnotes":""},"categories":[1888],"tags":[1111,1928,11,1927,1777,674,1011,27,12,1926,626,1925,25],"class_list":{"0":"post-617670","1":"post","2":"type-post","3":"status-publish","4":"format-standard","5":"has-post-thumbnail","7":"category-paris","8":"tag-actu","9":"tag-actu-paris","10":"tag-actualites","11":"tag-actualites-paris","12":"tag-eu","13":"tag-europe","14":"tag-fr","15":"tag-france","16":"tag-news","17":"tag-news-paris","18":"tag-paris","19":"tag-paris-news","20":"tag-republique-francaise"},"share_on_mastodon":{"url":"https:\/\/pubeurope.com\/@fr\/115768429467150406","error":""},"_links":{"self":[{"href":"https:\/\/www.europesays.com\/fr\/wp-json\/wp\/v2\/posts\/617670","targetHints":{"allow":["GET"]}}],"collection":[{"href":"https:\/\/www.europesays.com\/fr\/wp-json\/wp\/v2\/posts"}],"about":[{"href":"https:\/\/www.europesays.com\/fr\/wp-json\/wp\/v2\/types\/post"}],"author":[{"embeddable":true,"href":"https:\/\/www.europesays.com\/fr\/wp-json\/wp\/v2\/users\/2"}],"replies":[{"embeddable":true,"href":"https:\/\/www.europesays.com\/fr\/wp-json\/wp\/v2\/comments?post=617670"}],"version-history":[{"count":0,"href":"https:\/\/www.europesays.com\/fr\/wp-json\/wp\/v2\/posts\/617670\/revisions"}],"wp:featuredmedia":[{"embeddable":true,"href":"https:\/\/www.europesays.com\/fr\/wp-json\/wp\/v2\/media\/617671"}],"wp:attachment":[{"href":"https:\/\/www.europesays.com\/fr\/wp-json\/wp\/v2\/media?parent=617670"}],"wp:term":[{"taxonomy":"category","embeddable":true,"href":"https:\/\/www.europesays.com\/fr\/wp-json\/wp\/v2\/categories?post=617670"},{"taxonomy":"post_tag","embeddable":true,"href":"https:\/\/www.europesays.com\/fr\/wp-json\/wp\/v2\/tags?post=617670"}],"curies":[{"name":"wp","href":"https:\/\/api.w.org\/{rel}","templated":true}]}}