{"id":617674,"date":"2025-12-23T10:34:13","date_gmt":"2025-12-23T10:34:13","guid":{"rendered":"https:\/\/www.europesays.com\/fr\/617674\/"},"modified":"2025-12-23T10:34:13","modified_gmt":"2025-12-23T10:34:13","slug":"exposition-1925-2025-cent-ans-dart-deco","status":"publish","type":"post","link":"https:\/\/www.europesays.com\/fr\/617674\/","title":{"rendered":"Exposition 1925\u20132025. Cent ans d\u2019Art d\u00e9co"},"content":{"rendered":"<p class=\"pf0\"><strong>Avec 1925\u20132025. Cent ans d\u2019Art d\u00e9co, le mus\u00e9e des Arts d\u00e9coratifs de Paris revient sur l\u2019un des moments fondateurs de la modernit\u00e9 esth\u00e9tique. N\u00e9e dans l\u2019effervescence de l\u2019Exposition internationale des arts d\u00e9coratifs et industriels modernes de 1925, l\u2019esth\u00e9tique Art d\u00e9co a profond\u00e9ment transform\u00e9 les arts, l\u2019architecture et les modes de vie. Un si\u00e8cle plus tard, cette exposition ambitieuse retrace son \u00e9mergence, son apog\u00e9e et ses multiples r\u00e9inventions, en montrant pourquoi l\u2019Art d\u00e9co demeure une r\u00e9f\u00e9rence incontournable.<\/strong><\/p>\n<p>1925 : la naissance du style Art d\u00e9co<\/p>\n<p class=\"pf0\">L\u2019exposition s\u2019ouvre sur le contexte historique et culturel de l\u2019Exposition de 1925. Un jalon qui a repr\u00e9sent\u00e9 un v\u00e9ritable laboratoire de formes nouvelles. Dans l\u2019Europe de l\u2019apr\u00e8s-guerre, l\u2019Art d\u00e9co incarne un d\u00e9sir de renouveau, de clart\u00e9 et de luxe n\u00e9 de la ma\u00eetrise. Lignes g\u00e9om\u00e9triques, mat\u00e9riaux pr\u00e9cieux, go\u00fbt pour l\u2019ornement stylis\u00e9. Ce style se distingue d\u2019embl\u00e9e par son \u00e9l\u00e9gance structur\u00e9e et son rejet des exc\u00e8s de l\u2019Art nouveau.<\/p>\n<p class=\"pf0\">Le parcours met ainsi en lumi\u00e8re les grands cr\u00e9ateurs et les manufactures qui ont fa\u00e7onn\u00e9 cette esth\u00e9tique. Des ensembliers aux architectes, en passant par les designers, les verriers, les couturiers et les illustrateurs, cet \u00e9lan irrigue tous les m\u00e9tiers de la cr\u00e9ation. Mobilier, objets d\u00e9coratifs, textiles, bijoux et affiches dialoguent ainsi pour montrer comment l\u2019Art d\u00e9co s\u2019impose comme un art de vivre global. Et surtout comment il a \u00e9t\u00e9 capable de transformer aussi bien les int\u00e9rieurs bourgeois que l\u2019espace public. Cette premi\u00e8re partie permet de comprendre pourquoi 1925 marque un v\u00e9ritable point de bascule dans l\u2019histoire des arts d\u00e9coratifs.<\/p>\n<p>Un h\u00e9ritage vivant, de 1925 \u00e0 nos jours<\/p>\n<p class=\"pf0\">Mais l\u2019exposition ne se limite pas \u00e0 une approche historique. Car elle montre aussi comment l\u2019Art d\u00e9co a travers\u00e9 le si\u00e8cle, s\u2019est diffus\u00e9 \u00e0 l\u2019international et a connu plusieurs renaissances. Des ann\u00e9es 1930 \u00e0 l\u2019apr\u00e8s-guerre, puis dans le design et la mode contemporains, ses formes continuent d\u2019inspirer.<\/p>\n<p class=\"pf0\">Le mus\u00e9e met ainsi en regard des pi\u00e8ces embl\u00e9matiques du XXe si\u00e8cle avec des cr\u00e9ations plus r\u00e9centes. Et l\u2019exposition souligne notamment la permanence de certains principes. Car au fil des d\u00e9cennies, on retrouve l\u2019\u00e9quilibre des volumes, le dialogue entre artisanat et industrie, ou encore le go\u00fbt pour la synth\u00e8se entre art et fonctionnalit\u00e9. Cette perspective sur cent ans permet donc de mesurer l\u2019actualit\u00e9 \u00e9tonnante de l\u2019Art d\u00e9co. Une esth\u00e9tique qui continue de nourrir l\u2019architecture, le graphisme et le design contemporain.<\/p>\n<p class=\"pf0\"><a href=\"https:\/\/madparis.fr\/musee-des-arts-decoratifs\" target=\"_blank\" rel=\"noopener\">1925-2025. Cent ans d\u2019Art d\u00e9co<\/a><\/p>\n<p class=\"pf0\">Au Mus\u00e9e des Arts d\u00e9coratifs de Paris jusqu\u2019au 26 avril 2026<\/p>\n<p><img data-recalc-dims=\"1\" fetchpriority=\"high\" decoding=\"async\" class=\"size-medium wp-image-33787 aligncenter\" src=\"https:\/\/www.europesays.com\/fr\/wp-content\/uploads\/2025\/12\/Capture-decran-2025-12-22-154621.jpg\" alt=\"Exposition 1925\u20132025. Cent ans d\u2019Art d\u00e9co\" width=\"196\" height=\"300\"  \/><\/p>\n<p>\u00a0<\/p>\n<p><strong>\u00c0 lire aussi :<\/strong><\/p>\n<p>Similaire<\/p>\n","protected":false},"excerpt":{"rendered":"Avec 1925\u20132025. Cent ans d\u2019Art d\u00e9co, le mus\u00e9e des Arts d\u00e9coratifs de Paris revient sur l\u2019un des moments&hellip;\n","protected":false},"author":2,"featured_media":617675,"comment_status":"","ping_status":"","sticky":false,"template":"","format":"standard","meta":{"footnotes":""},"categories":[1888],"tags":[11,10056,1777,674,72808,1011,27,20731,37777,12,626,25],"class_list":{"0":"post-617674","1":"post","2":"type-post","3":"status-publish","4":"format-standard","5":"has-post-thumbnail","7":"category-paris","8":"tag-actualites","9":"tag-art-deco","10":"tag-eu","11":"tag-europe","12":"tag-exposition-de-design","13":"tag-fr","14":"tag-france","15":"tag-histoire-de-lart","16":"tag-mad","17":"tag-news","18":"tag-paris","19":"tag-republique-francaise"},"share_on_mastodon":{"url":"https:\/\/pubeurope.com\/@fr\/115768438324394791","error":""},"_links":{"self":[{"href":"https:\/\/www.europesays.com\/fr\/wp-json\/wp\/v2\/posts\/617674","targetHints":{"allow":["GET"]}}],"collection":[{"href":"https:\/\/www.europesays.com\/fr\/wp-json\/wp\/v2\/posts"}],"about":[{"href":"https:\/\/www.europesays.com\/fr\/wp-json\/wp\/v2\/types\/post"}],"author":[{"embeddable":true,"href":"https:\/\/www.europesays.com\/fr\/wp-json\/wp\/v2\/users\/2"}],"replies":[{"embeddable":true,"href":"https:\/\/www.europesays.com\/fr\/wp-json\/wp\/v2\/comments?post=617674"}],"version-history":[{"count":0,"href":"https:\/\/www.europesays.com\/fr\/wp-json\/wp\/v2\/posts\/617674\/revisions"}],"wp:featuredmedia":[{"embeddable":true,"href":"https:\/\/www.europesays.com\/fr\/wp-json\/wp\/v2\/media\/617675"}],"wp:attachment":[{"href":"https:\/\/www.europesays.com\/fr\/wp-json\/wp\/v2\/media?parent=617674"}],"wp:term":[{"taxonomy":"category","embeddable":true,"href":"https:\/\/www.europesays.com\/fr\/wp-json\/wp\/v2\/categories?post=617674"},{"taxonomy":"post_tag","embeddable":true,"href":"https:\/\/www.europesays.com\/fr\/wp-json\/wp\/v2\/tags?post=617674"}],"curies":[{"name":"wp","href":"https:\/\/api.w.org\/{rel}","templated":true}]}}