{"id":617680,"date":"2025-12-23T10:37:15","date_gmt":"2025-12-23T10:37:15","guid":{"rendered":"https:\/\/www.europesays.com\/fr\/617680\/"},"modified":"2025-12-23T10:37:15","modified_gmt":"2025-12-23T10:37:15","slug":"bruxelles-rappelle-limportance-de-la-souverainete-et-cite-lukraine-et-la-rdc-en-exemple","status":"publish","type":"post","link":"https:\/\/www.europesays.com\/fr\/617680\/","title":{"rendered":"Bruxelles rappelle l&rsquo;importance de la souverainet\u00e9 et cite l&rsquo;Ukraine et la RDC en exemple"},"content":{"rendered":"<p>AA \/ Istanbul \/ Mariem Njeh<\/p>\n<p>La Belgique a exprim\u00e9, mardi, sa \u00ab pleine solidarit\u00e9 \u00bb avec le Danemark et le peuple groenlandais.<\/p>\n<p>Dans un message publi\u00e9 sur le r\u00e9seau social am\u00e9ricain X, le vice-Premier ministre belge, Maxime Pr\u00e9vot, a soulign\u00e9 l\u2019importance du respect du droit international, \u00e9tablissant un parall\u00e8le entre la situation au Groenland et plusieurs conflits en cours.<\/p>\n<p>\u00ab Que ce soit en Ukraine, en RDC (R\u00e9publique d\u00e9mocratique du Congo) ou au Groenland, l\u2019int\u00e9grit\u00e9 territoriale et la souverainet\u00e9 sont des principes fondamentaux du droit international, consacr\u00e9s par la Charte des Nations unies, qui doivent \u00eatre respect\u00e9s par tous \u00bb, a d\u00e9clar\u00e9 le responsable belge.<\/p>\n<p>Cette prise de position rejoint celle du pr\u00e9sident fran\u00e7ais Emmanuel Macron, qui a \u00e9galement r\u00e9affirm\u00e9, mardi, \u00ab l\u2019intangibilit\u00e9 des fronti\u00e8res \u00bb du Royaume du Danemark, exprimant la solidarit\u00e9 europ\u00e9enne avec Copenhague et Nuuk.<\/p>\n<p>Ces r\u00e9actions interviennent dans un contexte de tensions diplomatiques, apr\u00e8s des propos du pr\u00e9sident am\u00e9ricain Donald Trump affirmant que les \u00c9tats-Unis avaient \u00ab besoin du Groenland pour la s\u00e9curit\u00e9 nationale \u00bb. Washington a r\u00e9cemment nomm\u00e9 le gouverneur de la Louisiane, Jeff Landry, comme envoy\u00e9 sp\u00e9cial pour le Groenland.<\/p>\n<p>Territoire autonome relevant du royaume du Danemark, le Groenland occupe une position strat\u00e9gique dans l\u2019Arctique, une r\u00e9gion marqu\u00e9e par une intensification des rivalit\u00e9s g\u00e9opolitiques entre grandes puissances.<\/p>\n<p>                            &#13;<br \/>\n                                <a href=\"https:\/\/www.aa.com.tr\/fr\/p\/abonnement\/1001\" target=\"_blank\" style=\"font-size:12px; color:#444; text-decoration:none;\" rel=\"noopener\">&#13;<br \/>\n                                    Seulement une partie des d\u00e9p\u00eaches, que l&rsquo;Agence Anadolu diffuse \u00e0 ses abonn\u00e9s via le Syst\u00e8me de Diffusion interne (HAS), est diffus\u00e9e sur le site de l&rsquo;AA, de mani\u00e8re r\u00e9sum\u00e9e. <b style=\"color:#1897F7\">Contactez-nous s&rsquo;il vous pla\u00eet pour vous abonner.<\/b>&#13;<br \/>\n                                <\/a>&#13;<\/p>\n","protected":false},"excerpt":{"rendered":"AA \/ Istanbul \/ Mariem Njeh La Belgique a exprim\u00e9, mardi, sa \u00ab pleine solidarit\u00e9 \u00bb avec le&hellip;\n","protected":false},"author":2,"featured_media":617681,"comment_status":"","ping_status":"","sticky":false,"template":"","format":"standard","meta":{"footnotes":""},"categories":[1590],"tags":[11,1785,828,145,1777,674,27,12,220],"class_list":{"0":"post-617680","1":"post","2":"type-post","3":"status-publish","4":"format-standard","5":"has-post-thumbnail","7":"category-ukraine","8":"tag-actualites","9":"tag-anadolu-ajansi","10":"tag-belgique","11":"tag-danemark","12":"tag-eu","13":"tag-europe","14":"tag-france","15":"tag-news","16":"tag-ukraine"},"share_on_mastodon":{"url":"https:\/\/pubeurope.com\/@fr\/115768449114674593","error":""},"_links":{"self":[{"href":"https:\/\/www.europesays.com\/fr\/wp-json\/wp\/v2\/posts\/617680","targetHints":{"allow":["GET"]}}],"collection":[{"href":"https:\/\/www.europesays.com\/fr\/wp-json\/wp\/v2\/posts"}],"about":[{"href":"https:\/\/www.europesays.com\/fr\/wp-json\/wp\/v2\/types\/post"}],"author":[{"embeddable":true,"href":"https:\/\/www.europesays.com\/fr\/wp-json\/wp\/v2\/users\/2"}],"replies":[{"embeddable":true,"href":"https:\/\/www.europesays.com\/fr\/wp-json\/wp\/v2\/comments?post=617680"}],"version-history":[{"count":0,"href":"https:\/\/www.europesays.com\/fr\/wp-json\/wp\/v2\/posts\/617680\/revisions"}],"wp:featuredmedia":[{"embeddable":true,"href":"https:\/\/www.europesays.com\/fr\/wp-json\/wp\/v2\/media\/617681"}],"wp:attachment":[{"href":"https:\/\/www.europesays.com\/fr\/wp-json\/wp\/v2\/media?parent=617680"}],"wp:term":[{"taxonomy":"category","embeddable":true,"href":"https:\/\/www.europesays.com\/fr\/wp-json\/wp\/v2\/categories?post=617680"},{"taxonomy":"post_tag","embeddable":true,"href":"https:\/\/www.europesays.com\/fr\/wp-json\/wp\/v2\/tags?post=617680"}],"curies":[{"name":"wp","href":"https:\/\/api.w.org\/{rel}","templated":true}]}}