{"id":617699,"date":"2025-12-23T10:50:13","date_gmt":"2025-12-23T10:50:13","guid":{"rendered":"https:\/\/www.europesays.com\/fr\/617699\/"},"modified":"2025-12-23T10:50:13","modified_gmt":"2025-12-23T10:50:13","slug":"next-gen-atp-finals-le-belge-alexander-blockx-battu-par-learner-tien-en-finale-que-dire-de-la-presence-de-nadal-en-tribunes","status":"publish","type":"post","link":"https:\/\/www.europesays.com\/fr\/617699\/","title":{"rendered":"Next Gen ATP Finals > Le Belge Alexander Blockx, battu par Learner Tien en finale : \u00ab\u00a0Que dire de la pr\u00e9sence de Nadal en tribunes\u2026\u00a0\u00bb"},"content":{"rendered":"<p>Lors du Masters de la Next Gen, le Belge s\u2019est r\u00e9v\u00e9l\u00e9 m\u00eame s\u2019il a perdu en finale face \u00e0 Tien. S\u2019exprimant chez nos confr\u00e8res de la RTBF, Alexander qui est 101\u00e8me \u00e0 l\u2019ATP a recu ses objec\u00adtifs \u00e0 la hausse pour\u00a02026.<\/p>\n<p>\u00ab\u202f<strong>Ce que j\u2019ai appris cette semaine, c\u2019est que j\u2019ai le niveau. Je peux riva\u00adliser avec tous ces joueurs et cela me donne beau\u00adcoup d\u2019\u00e9nergie pour la suite. J\u2019ai encore plus d\u2019envie de m\u2019en\u00adtra\u00eener plus dur. C\u2019\u00e9tait sp\u00e9cial aussi de disputer cette finale sous les yeux de\u00a0Rafael Nadal. C\u2019est une l\u00e9gende. Je veux conti\u00adnuer \u00e0 servir aussi bien que cette semaine et me battre pour jouer un meilleur tennis. Et le clas\u00adse\u00adment suivra automatiquement\u202f\u00bb.<\/strong><\/p>\n<p class=\"post-published-date\" style=\"color: silver; font-size: 75%; text-align: left;\">Publi\u00e9 le mardi 23 d\u00e9cembre 2025 \u00e0 09:47<\/p>\n","protected":false},"excerpt":{"rendered":"Lors du Masters de la Next Gen, le Belge s\u2019est r\u00e9v\u00e9l\u00e9 m\u00eame s\u2019il a perdu en finale face&hellip;\n","protected":false},"author":2,"featured_media":617700,"comment_status":"","ping_status":"","sticky":false,"template":"","format":"standard","meta":{"footnotes":""},"categories":[1415],"tags":[1011,27,1960,60,1467],"class_list":{"0":"post-617699","1":"post","2":"type-post","3":"status-publish","4":"format-standard","5":"has-post-thumbnail","7":"category-tennis","8":"tag-fr","9":"tag-france","10":"tag-nadal","11":"tag-sports","12":"tag-tennis"},"share_on_mastodon":{"url":"https:\/\/pubeurope.com\/@fr\/115768500084088853","error":""},"_links":{"self":[{"href":"https:\/\/www.europesays.com\/fr\/wp-json\/wp\/v2\/posts\/617699","targetHints":{"allow":["GET"]}}],"collection":[{"href":"https:\/\/www.europesays.com\/fr\/wp-json\/wp\/v2\/posts"}],"about":[{"href":"https:\/\/www.europesays.com\/fr\/wp-json\/wp\/v2\/types\/post"}],"author":[{"embeddable":true,"href":"https:\/\/www.europesays.com\/fr\/wp-json\/wp\/v2\/users\/2"}],"replies":[{"embeddable":true,"href":"https:\/\/www.europesays.com\/fr\/wp-json\/wp\/v2\/comments?post=617699"}],"version-history":[{"count":0,"href":"https:\/\/www.europesays.com\/fr\/wp-json\/wp\/v2\/posts\/617699\/revisions"}],"wp:featuredmedia":[{"embeddable":true,"href":"https:\/\/www.europesays.com\/fr\/wp-json\/wp\/v2\/media\/617700"}],"wp:attachment":[{"href":"https:\/\/www.europesays.com\/fr\/wp-json\/wp\/v2\/media?parent=617699"}],"wp:term":[{"taxonomy":"category","embeddable":true,"href":"https:\/\/www.europesays.com\/fr\/wp-json\/wp\/v2\/categories?post=617699"},{"taxonomy":"post_tag","embeddable":true,"href":"https:\/\/www.europesays.com\/fr\/wp-json\/wp\/v2\/tags?post=617699"}],"curies":[{"name":"wp","href":"https:\/\/api.w.org\/{rel}","templated":true}]}}