{"id":617703,"date":"2025-12-23T10:55:14","date_gmt":"2025-12-23T10:55:14","guid":{"rendered":"https:\/\/www.europesays.com\/fr\/617703\/"},"modified":"2025-12-23T10:55:14","modified_gmt":"2025-12-23T10:55:14","slug":"mercato-angers-repond-cash-a-loffre-de-lol-pour-himad-abdelli","status":"publish","type":"post","link":"https:\/\/www.europesays.com\/fr\/617703\/","title":{"rendered":"Mercato : Angers r\u00e9pond cash \u00e0 l\u2019offre de l\u2019OL pour Himad Abdelli"},"content":{"rendered":"<p>L\u2019OL aurait transmis une offre estim\u00e9e \u00e0 un million d\u2019euros. Une proposition jug\u00e9e totalement insuffisante par Angers. En Anjou, la r\u00e9action ne s\u2019est pas fait attendre. Le SCO refuse cat\u00e9goriquement de c\u00e9der son joueur \u00e0 ce prix, consid\u00e9rant Abdelli comme un \u00e9l\u00e9ment central de son objectif maintien.<\/p>\n<p>Selon Mohamed Toubache-Ter, le message envoy\u00e9 par Lyon n\u2019a pas convaincu. \u00ab Le 1 M\u20ac a fait sourire en Anjou \u00bb, r\u00e9sume l\u2019insider. Une phrase qui illustre le foss\u00e9 entre les deux clubs. Angers pr\u00e9f\u00e8re conserver Abdelli, m\u00eame au risque de le voir partir librement \u00e0 terme, plut\u00f4t que d\u2019affaiblir son \u00e9quipe en cours de saison.<\/p>\n","protected":false},"excerpt":{"rendered":"L\u2019OL aurait transmis une offre estim\u00e9e \u00e0 un million d\u2019euros. Une proposition jug\u00e9e totalement insuffisante par Angers. En&hellip;\n","protected":false},"author":2,"featured_media":617704,"comment_status":"","ping_status":"","sticky":false,"template":"","format":"standard","meta":{"footnotes":""},"categories":[1410],"tags":[1438,64783,63,1011,27,72812,66,2428,1434,60,28401],"class_list":{"0":"post-617703","1":"post","2":"type-post","3":"status-publish","4":"format-standard","5":"has-post-thumbnail","7":"category-football","8":"tag-angers","9":"tag-endrick","10":"tag-football","11":"tag-fr","12":"tag-france","13":"tag-h-abdelli","14":"tag-ligue-1","15":"tag-lyon","16":"tag-mercato","17":"tag-sports","18":"tag-transfers"},"share_on_mastodon":{"url":"https:\/\/pubeurope.com\/@fr\/115768520194234723","error":""},"_links":{"self":[{"href":"https:\/\/www.europesays.com\/fr\/wp-json\/wp\/v2\/posts\/617703","targetHints":{"allow":["GET"]}}],"collection":[{"href":"https:\/\/www.europesays.com\/fr\/wp-json\/wp\/v2\/posts"}],"about":[{"href":"https:\/\/www.europesays.com\/fr\/wp-json\/wp\/v2\/types\/post"}],"author":[{"embeddable":true,"href":"https:\/\/www.europesays.com\/fr\/wp-json\/wp\/v2\/users\/2"}],"replies":[{"embeddable":true,"href":"https:\/\/www.europesays.com\/fr\/wp-json\/wp\/v2\/comments?post=617703"}],"version-history":[{"count":0,"href":"https:\/\/www.europesays.com\/fr\/wp-json\/wp\/v2\/posts\/617703\/revisions"}],"wp:featuredmedia":[{"embeddable":true,"href":"https:\/\/www.europesays.com\/fr\/wp-json\/wp\/v2\/media\/617704"}],"wp:attachment":[{"href":"https:\/\/www.europesays.com\/fr\/wp-json\/wp\/v2\/media?parent=617703"}],"wp:term":[{"taxonomy":"category","embeddable":true,"href":"https:\/\/www.europesays.com\/fr\/wp-json\/wp\/v2\/categories?post=617703"},{"taxonomy":"post_tag","embeddable":true,"href":"https:\/\/www.europesays.com\/fr\/wp-json\/wp\/v2\/tags?post=617703"}],"curies":[{"name":"wp","href":"https:\/\/api.w.org\/{rel}","templated":true}]}}