{"id":617715,"date":"2025-12-23T11:04:17","date_gmt":"2025-12-23T11:04:17","guid":{"rendered":"https:\/\/www.europesays.com\/fr\/617715\/"},"modified":"2025-12-23T11:04:17","modified_gmt":"2025-12-23T11:04:17","slug":"grippe-saisonniere-est-ce-trop-tard-pour-se-faire-vacciner-contre-le-virus","status":"publish","type":"post","link":"https:\/\/www.europesays.com\/fr\/617715\/","title":{"rendered":"Grippe saisonni\u00e8re\u00a0: est-ce trop tard pour se faire vacciner contre le virus\u00a0?"},"content":{"rendered":"<p>\n                                                                    l&rsquo;essentiel<br \/>\n                                                                Le pic \u00e9pid\u00e9mique li\u00e9 \u00e0 la grippe saisonni\u00e8re sera atteint entre No\u00ebl et Nouvel An en France. \u00c0 l\u2019approche des f\u00eates de fin d\u2019ann\u00e9e, la vaccination est-elle utile\u00a0? Pierre-Olivier Variot, pr\u00e9sident de l\u2019Union de syndicats de pharmaciens d\u2019officine donne ses r\u00e9ponses.\n                            <\/p>\n<p>Il va arriver avec un peu d\u2019avance par rapport \u00e0 l\u2019ann\u00e9e derni\u00e8re, et c\u2019est loin d\u2019\u00eatre une bonne nouvelle\u2026 Le pic \u00e9pid\u00e9mique li\u00e9 \u00e0 la <a href=\"https:\/\/www.ladepeche.fr\/sante\/grippe-saisonniere\/\" target=\"_self\" rel=\"noopener\">grippe saisonni\u00e8re<\/a> est attendu entre No\u00ebl et Nouvel An en cette ann\u00e9e 2025. Le virus, port\u00e9 <a href=\"https:\/\/www.ladepeche.fr\/2025\/12\/16\/un-defi-inedit-depuis-le-covid-19-comment-la-super-grippe-et-son-variant-k-font-trembler-les-hopitaux-13112103.php\" target=\"_self\" rel=\"noopener\">par un \u00ab\u00a0variant K\u00a0\u00bb particuli\u00e8rement contagieux<\/a>, pourrait avoir de lourdes cons\u00e9quences sur le syst\u00e8me hospitalier fran\u00e7ais. De quoi sans doute inciter les candidats \u00e0 la vaccination \u00e0 presser le pas, \u00e0 l\u2019approche des f\u00eates.<\/p>\n<p class=\"std-elt__inline\">\n        <strong>\u00c0 lire aussi :<\/strong><br \/>\n        <a href=\"https:\/\/www.ladepeche.fr\/2025\/12\/21\/grippe-le-pic-de-lepidemie-devrait-arriver-pour-noel-il-est-encore-temps-de-se-faire-vacciner-13124573.php\" target=\"_blank\" rel=\"noopener\">Grippe\u00a0: le pic de l\u2019\u00e9pid\u00e9mie devrait arriver pour No\u00ebl, il est encore temps de se faire vacciner<\/a>\n    <\/p>\n<p>Mais concr\u00e8tement, est-il encore temps de se faire vacciner\u00a0? \u00ab\u00a0<strong>Pour No\u00ebl, c\u2019est d\u00e9sormais un peu court,<\/strong> commente Pierre-Olivier Variot, pr\u00e9sident de l\u2019Union de syndicats de pharmaciens d\u2019officine, aupr\u00e8s de La D\u00e9p\u00eache du Midi. Mais\u00a0pour les f\u00eates de fin d\u2019ann\u00e9e et surtout dans la perspective d\u2019un\u00a0<strong>pic \u00e9pid\u00e9mique attendu dans les 10 \u00e0 15 prochains jours<\/strong>, <strong>il est encore temps de se faire vacciner<\/strong>\u00ab\u00a0. Le pharmacien rappelle en effet\u00a0que \u00ab\u00a0la protection augmente progressivement pour atteindre son maximum entre 10 \u00e0 12 jours apr\u00e8s l\u2019injection. Ensuite, cette protection est maintenue pendant environ six mois\u00a0\u00bb.<\/p>\n<p>Une campagne plut\u00f4t \u00ab\u00a0bien suivie\u00a0\u00bb<\/p>\n<p>Si la vaccination reste <strong>particuli\u00e8rement recommand\u00e9e<\/strong>, c\u2019est surtout pour \u00e9viter les formes graves de la maladie, y compris en cas d\u2019un \u00e9ventuel rebond \u00e9pid\u00e9mique apr\u00e8s les f\u00eates de fin d\u2019ann\u00e9e. Un tel sc\u00e9nario s\u2019\u00e9tait produit au d\u00e9but de l\u2019ann\u00e9e 2025\u00a0: les cas de grippe saisonni\u00e8re avaient connu un net rebond \u00e0 la fin du mois de janvier. \u00ab\u00a0On sent cette ann\u00e9e que la campagne a \u00e9t\u00e9 globalement bien suivie, tant chez les jeunes que chez les moins jeunes\u00a0\u00bb, reprend\u00a0Pierre-Olivier Variot.<\/p>\n<p class=\"std-elt__inline\">\n        <strong>\u00c0 lire aussi :<\/strong><br \/>\n        <a href=\"https:\/\/www.ladepeche.fr\/2025\/12\/22\/grippe-saisonniere-les-appels-durgence-explosent-en-raison-dune-forte-progression-dans-les-hautes-pyrenees-13125838.php\" target=\"_blank\" rel=\"noopener\">Grippe saisonni\u00e8re\u00a0: Les appels d\u2019urgence explosent en raison \u00ab\u00a0d\u2019une forte progression dans les Hautes-Pyr\u00e9n\u00e9es\u00a0\u00bb<\/a>\n    <\/p>\n<p>Pour rappel, toute personne peut <strong>se pr\u00e9senter en pharmacie<\/strong> pour se faire vacciner contre la grippe. \u00ab\u00a0La priorit\u00e9 reste donn\u00e9e aux personnes les plus fragiles, \u00e2g\u00e9es ou atteintes de comorbidit\u00e9s, mais une fois cette population couverte, il est tout \u00e0 fait pertinent de vacciner le reste de la population\u00a0\u00bb, indique le pharmacien. Le vaccin est pris en charge \u00e0 100\u00a0% par l\u2019Assurance Maladie\u00a0pour les personnes \u00e0 risques. \u00c0 l\u2019inverse, si vous n\u2019\u00eates pas concern\u00e9 par les recommandations vaccinales, la s\u00e9curit\u00e9 sociale ne prendra pas en charge le vaccin et son injection.<\/p>\n","protected":false},"excerpt":{"rendered":"l&rsquo;essentiel Le pic \u00e9pid\u00e9mique li\u00e9 \u00e0 la grippe saisonni\u00e8re sera atteint entre No\u00ebl et Nouvel An en France.&hellip;\n","protected":false},"author":2,"featured_media":617716,"comment_status":"","ping_status":"","sticky":false,"template":"","format":"standard","meta":{"footnotes":""},"categories":[10],"tags":[1011,27,71516,72,71,8755],"class_list":{"0":"post-617715","1":"post","2":"type-post","3":"status-publish","4":"format-standard","5":"has-post-thumbnail","7":"category-sante","8":"tag-fr","9":"tag-france","10":"tag-grippe-saisonniu00e8re","11":"tag-health","12":"tag-sante","13":"tag-santu00e9"},"share_on_mastodon":{"url":"https:\/\/pubeurope.com\/@fr\/115768555308750917","error":""},"_links":{"self":[{"href":"https:\/\/www.europesays.com\/fr\/wp-json\/wp\/v2\/posts\/617715","targetHints":{"allow":["GET"]}}],"collection":[{"href":"https:\/\/www.europesays.com\/fr\/wp-json\/wp\/v2\/posts"}],"about":[{"href":"https:\/\/www.europesays.com\/fr\/wp-json\/wp\/v2\/types\/post"}],"author":[{"embeddable":true,"href":"https:\/\/www.europesays.com\/fr\/wp-json\/wp\/v2\/users\/2"}],"replies":[{"embeddable":true,"href":"https:\/\/www.europesays.com\/fr\/wp-json\/wp\/v2\/comments?post=617715"}],"version-history":[{"count":0,"href":"https:\/\/www.europesays.com\/fr\/wp-json\/wp\/v2\/posts\/617715\/revisions"}],"wp:featuredmedia":[{"embeddable":true,"href":"https:\/\/www.europesays.com\/fr\/wp-json\/wp\/v2\/media\/617716"}],"wp:attachment":[{"href":"https:\/\/www.europesays.com\/fr\/wp-json\/wp\/v2\/media?parent=617715"}],"wp:term":[{"taxonomy":"category","embeddable":true,"href":"https:\/\/www.europesays.com\/fr\/wp-json\/wp\/v2\/categories?post=617715"},{"taxonomy":"post_tag","embeddable":true,"href":"https:\/\/www.europesays.com\/fr\/wp-json\/wp\/v2\/tags?post=617715"}],"curies":[{"name":"wp","href":"https:\/\/api.w.org\/{rel}","templated":true}]}}