{"id":617724,"date":"2025-12-23T11:09:16","date_gmt":"2025-12-23T11:09:16","guid":{"rendered":"https:\/\/www.europesays.com\/fr\/617724\/"},"modified":"2025-12-23T11:09:16","modified_gmt":"2025-12-23T11:09:16","slug":"la-russie-lance-une-vaste-attaque-aerienne-contre-lukraine-23-12-2025-a-1055","status":"publish","type":"post","link":"https:\/\/www.europesays.com\/fr\/617724\/","title":{"rendered":"La Russie lance une vaste attaque a\u00e9rienne contre l&rsquo;Ukraine &#8211; 23\/12\/2025 \u00e0 10:55"},"content":{"rendered":"<p>        <img decoding=\"async\" src=\"https:\/\/www.europesays.com\/fr\/wp-content\/uploads\/2025\/12\/195d27fd629b582dc8f21845dd8db858-760x505.jpg\" alt=\"Frappe russe \u00e0 la roquette et au drone \u00e0 Kiev\" loading=\"eager\" fetchpriority=\"high\" width=\"760\" height=\"505\" style=\"max-width: 100%!important; height: auto;\"\/><\/p>\n<p class=\"c-image-news__legend\">Frappe russe \u00e0 la roquette et au drone \u00e0 Kiev<\/p>\n<p>\n par Dan Peleschuk\n<\/p>\n<p>\n La Russie a lanc\u00e9 aux premi\u00e8res heures de la journ\u00e9e de mardi une vaste attaque a\u00e9rienne contre l&rsquo;Ukraine, notamment Kyiv et les infrastructures \u00e9nerg\u00e9tiques de l&rsquo;ouest \u200ddu pays, faisant trois morts et provoquant d&rsquo;importantes coupures de courant \u00e0 l&rsquo;avant-veille de No\u00ebl, ont dit les autorit\u00e9s ukrainiennes.\n<\/p>\n<p>\n Le minist\u00e8re russe de la D\u00e9fense a dit avoir frapp\u00e9 des installations \u00e9nerg\u00e9tiques et militaires \u00e0 l&rsquo;aide de missiles Kinjal.\n<\/p>\n<p>\n Cette attaque intervient \u200cmoins de deux jours apr\u00e8s la fin de discussions s\u00e9par\u00e9es conduites \u00e0 Miami par les Etats-Unis avec des d\u00e9l\u00e9gations ukrainiennes et europ\u00e9ennes, d&rsquo;une part, et russe, d&rsquo;autre part, pour tenter de progresser vers une issue \u00e0 \u200bla guerre sur la base du plan de paix am\u00e9ricain pr\u00e9sent\u00e9 en novembre.\n<\/p>\n<p>\n Deux personnes, dont un enfant de \u2060quatre ans, ont \u00e9t\u00e9 tu\u00e9es dans la r\u00e9gion de Jytomyr, dans le centre de l&rsquo;Ukraine, et une troisi\u00e8me en p\u00e9riph\u00e9rie de Kyiv.\n<\/p>\n<p>\n La Russie a tir\u00e9 plus de 30 missiles et 650 drones \u2060sur au moins 13 r\u00e9gions, a dit Volodimir \u200dZelensky sur X, exhortant une nouvelle fois les partenaires occidentaux de l&rsquo;Ukraine \u00e0 accro\u00eetre \u2060leurs pressions sur la Russie pour l&rsquo;amener \u00e0 mettre fin \u00e0 la guerre d\u00e9clench\u00e9e par l&rsquo;invasion \u00e0 grande \u00e9chelle de son voisin en f\u00e9vrier 2022.\n<\/p>\n<p>\n \u00ab\u00a0Cette frappe russe envoie un message extr\u00eamement clair sur les priorit\u00e9s de la Russie. Une attaque \u200bjuste avant No\u00ebl, quand les gens veulent simplement \u00eatre en famille. Une attaque qui a \u00e9t\u00e9 men\u00e9e fondamentalement en plein milieu de n\u00e9gociations destin\u00e9es \u00e0 mettre fin \u00e0 cette guerre\u00a0\u00bb, \u00e9crit le pr\u00e9sident ukrainien.\n<\/p>\n<p>\n Des d\u00e9lestages sur les r\u00e9seaux \u00e9lectriques ont \u2060\u00e9t\u00e9 mis en place en urgence dans la plupart des r\u00e9gions du pays en raison des bombardements \u200brusses sur les installations \u00e9nerg\u00e9tiques, a dit l&rsquo;exploitant du r\u00e9seau national.\n<\/p>\n<p>\n Des infrastructures essentielles ont \u200b\u00e9t\u00e9 endommag\u00e9es dans les r\u00e9gions \u200bde Tchernihiv dans le nord, de Lviv dans l&rsquo;ouest et d&rsquo;Odessa dans le sud, ont rapport\u00e9 les autorit\u00e9s locales.\n<\/p>\n<p>\n A 06h20 \u200bGMT, les sir\u00e8nes d&rsquo;alerte a\u00e9rienne r\u00e9sonnaient dans quasiment tout le pays, \u2060a rapport\u00e9 l&rsquo;arm\u00e9e de l&rsquo;air ukrainienne.\n<\/p>\n<p>\n Pr\u00e8s de quatre ans apr\u00e8s le d\u00e9but de la guerre et alors que ses forces au sol progressent lentement, la Russie frappe r\u00e9guli\u00e8rement le r\u00e9seau \u00e9lectrique et les sites de production d&rsquo;\u00e9nergie en Ukraine, notamment en hiver, ce qui prive la population de courant et de chauffage et perturbe l&rsquo;\u00e9conomie du pays et la logistique de l&rsquo;arm\u00e9e \u200cukrainienne.\n<\/p>\n<p>\n Membre de l&rsquo;Otan, la Pologne, qui borde l&rsquo;Ukraine \u00e0 l&rsquo;ouest, a annonc\u00e9 que des avions de chasse polonais et alli\u00e9s avaient d\u00e9coll\u00e9 pour prot\u00e9ger son espace a\u00e9rien en raison des frappes russes proches de la fronti\u00e8re.\n<\/p>\n<p>\n \u00ab\u00a0Ces mesures sont pr\u00e9ventives par nature et sont destin\u00e9es \u00e0 s\u00e9curiser et prot\u00e9ger l&rsquo;espace a\u00e9rien\u00a0\u00bb, a dit le commandement op\u00e9rationnel de l&rsquo;arm\u00e9e polonaise sur X.\n<\/p>\n<p>\n (Pavel Polityuk et Dan Peleschuk, avec la r\u00e9daction de Moscou, r\u00e9dig\u00e9 par Lidia Kelly et Dan Peleschuk, version fran\u00e7aise Jean Terzian et \u200cBertrand Boucey, \u00e9dit\u00e9 par Kate Entringer)<\/p>\n","protected":false},"excerpt":{"rendered":"Frappe russe \u00e0 la roquette et au drone \u00e0 Kiev par Dan Peleschuk La Russie a lanc\u00e9 aux&hellip;\n","protected":false},"author":2,"featured_media":617725,"comment_status":"","ping_status":"","sticky":false,"template":"","format":"standard","meta":{"footnotes":""},"categories":[5],"tags":[400,11,398,408,405,1011,27,403,14,402,399,404,12,401,406,407,28],"class_list":{"0":"post-617724","1":"post","2":"type-post","3":"status-publish","4":"format-standard","5":"has-post-thumbnail","7":"category-international","8":"tag-action-cac-40","9":"tag-actualites","10":"tag-bourse-de-paris","11":"tag-boursorama","12":"tag-cotations","13":"tag-fr","14":"tag-france","15":"tag-indices-devises","16":"tag-international","17":"tag-investir","18":"tag-investissement","19":"tag-marche-boursier","20":"tag-news","21":"tag-sicav","22":"tag-trackers","23":"tag-warrants","24":"tag-world"},"share_on_mastodon":{"url":"https:\/\/pubeurope.com\/@fr\/115768575732164968","error":""},"_links":{"self":[{"href":"https:\/\/www.europesays.com\/fr\/wp-json\/wp\/v2\/posts\/617724","targetHints":{"allow":["GET"]}}],"collection":[{"href":"https:\/\/www.europesays.com\/fr\/wp-json\/wp\/v2\/posts"}],"about":[{"href":"https:\/\/www.europesays.com\/fr\/wp-json\/wp\/v2\/types\/post"}],"author":[{"embeddable":true,"href":"https:\/\/www.europesays.com\/fr\/wp-json\/wp\/v2\/users\/2"}],"replies":[{"embeddable":true,"href":"https:\/\/www.europesays.com\/fr\/wp-json\/wp\/v2\/comments?post=617724"}],"version-history":[{"count":0,"href":"https:\/\/www.europesays.com\/fr\/wp-json\/wp\/v2\/posts\/617724\/revisions"}],"wp:featuredmedia":[{"embeddable":true,"href":"https:\/\/www.europesays.com\/fr\/wp-json\/wp\/v2\/media\/617725"}],"wp:attachment":[{"href":"https:\/\/www.europesays.com\/fr\/wp-json\/wp\/v2\/media?parent=617724"}],"wp:term":[{"taxonomy":"category","embeddable":true,"href":"https:\/\/www.europesays.com\/fr\/wp-json\/wp\/v2\/categories?post=617724"},{"taxonomy":"post_tag","embeddable":true,"href":"https:\/\/www.europesays.com\/fr\/wp-json\/wp\/v2\/tags?post=617724"}],"curies":[{"name":"wp","href":"https:\/\/api.w.org\/{rel}","templated":true}]}}