{"id":617732,"date":"2025-12-23T11:13:15","date_gmt":"2025-12-23T11:13:15","guid":{"rendered":"https:\/\/www.europesays.com\/fr\/617732\/"},"modified":"2025-12-23T11:13:15","modified_gmt":"2025-12-23T11:13:15","slug":"loire-apres-deux-annees-difficiles-outillage-de-saint-etienne-shopix-respire-et-echappe-au-redressement-judiciaire","status":"publish","type":"post","link":"https:\/\/www.europesays.com\/fr\/617732\/","title":{"rendered":"Loire. Apr\u00e8s deux ann\u00e9es difficiles, Outillage de Saint-\u00c9tienne (Shopix) respire et \u00e9chappe au\u00a0redressement judiciaire"},"content":{"rendered":"<p>\u00c7a va mieux pour Outillage de Saint-\u00c9tienne (Shopix). La famille Faure, \u00e0 la t\u00eate depuis 1984 de l\u2019entreprise d\u2019Andr\u00e9zieux-Bouth\u00e9on sp\u00e9cialis\u00e9e dans la distribution d\u2019outillages et accessoires pour la maison et le jardin, peut souffler.<\/p>\n<p>Un an apr\u00e8s l\u2019ouverture d\u2019une proc\u00e9dure de sauvegarde, la PME de 96 salari\u00e9s a pu pr\u00e9senter, mi-octobre devant le tribunal des activit\u00e9s \u00e9conomiques de Lyon, un plan de remboursement des dettes sur les huit prochaines ann\u00e9es, \u00e9vitant ainsi d\u2019entrer dans une phase plus dure de redressement judiciaire.<\/p>\n<p>L\u2019arr\u00eat complet de son activit\u00e9 de camions<\/p>\n<p>El&#8230;<\/p>\n","protected":false},"excerpt":{"rendered":"\u00c7a va mieux pour Outillage de Saint-\u00c9tienne (Shopix). La famille Faure, \u00e0 la t\u00eate depuis 1984 de l\u2019entreprise&hellip;\n","protected":false},"author":2,"featured_media":617733,"comment_status":"","ping_status":"","sticky":false,"template":"","format":"standard","meta":{"footnotes":""},"categories":[9653],"tags":[1111,11,17136,2430,4406,33,7359,1777,674,1011,27,3367,12,25,4001,17137],"class_list":{"0":"post-617732","1":"post","2":"type-post","3":"status-publish","4":"format-standard","5":"has-post-thumbnail","7":"category-saint-etienne","8":"tag-actu","9":"tag-actualites","10":"tag-andrezieux-boutheon","11":"tag-auvergne-rhone-alpes","12":"tag-commerce-et-services","13":"tag-economie","14":"tag-edition-loire-centre","15":"tag-eu","16":"tag-europe","17":"tag-fr","18":"tag-france","19":"tag-loire","20":"tag-news","21":"tag-republique-francaise","22":"tag-saint-etienne","23":"tag-saint-galmier-bassin"},"share_on_mastodon":{"url":"https:\/\/pubeurope.com\/@fr\/115768590707128503","error":""},"_links":{"self":[{"href":"https:\/\/www.europesays.com\/fr\/wp-json\/wp\/v2\/posts\/617732","targetHints":{"allow":["GET"]}}],"collection":[{"href":"https:\/\/www.europesays.com\/fr\/wp-json\/wp\/v2\/posts"}],"about":[{"href":"https:\/\/www.europesays.com\/fr\/wp-json\/wp\/v2\/types\/post"}],"author":[{"embeddable":true,"href":"https:\/\/www.europesays.com\/fr\/wp-json\/wp\/v2\/users\/2"}],"replies":[{"embeddable":true,"href":"https:\/\/www.europesays.com\/fr\/wp-json\/wp\/v2\/comments?post=617732"}],"version-history":[{"count":0,"href":"https:\/\/www.europesays.com\/fr\/wp-json\/wp\/v2\/posts\/617732\/revisions"}],"wp:featuredmedia":[{"embeddable":true,"href":"https:\/\/www.europesays.com\/fr\/wp-json\/wp\/v2\/media\/617733"}],"wp:attachment":[{"href":"https:\/\/www.europesays.com\/fr\/wp-json\/wp\/v2\/media?parent=617732"}],"wp:term":[{"taxonomy":"category","embeddable":true,"href":"https:\/\/www.europesays.com\/fr\/wp-json\/wp\/v2\/categories?post=617732"},{"taxonomy":"post_tag","embeddable":true,"href":"https:\/\/www.europesays.com\/fr\/wp-json\/wp\/v2\/tags?post=617732"}],"curies":[{"name":"wp","href":"https:\/\/api.w.org\/{rel}","templated":true}]}}