{"id":617734,"date":"2025-12-23T11:14:13","date_gmt":"2025-12-23T11:14:13","guid":{"rendered":"https:\/\/www.europesays.com\/fr\/617734\/"},"modified":"2025-12-23T11:14:13","modified_gmt":"2025-12-23T11:14:13","slug":"sport-a-bois-de-haye-3","status":"publish","type":"post","link":"https:\/\/www.europesays.com\/fr\/617734\/","title":{"rendered":"Sport a Bois de Haye"},"content":{"rendered":"<p>\t\t\t\t\t\t\t\t\t<a href=\"https:\/\/www.estrepublicain.fr\/pour-sortir\/loisirs\/Sport\/Autre-sport\/Lorraine\/Meurthe-et-moselle\/Bois-de-haye\/2026\/01\/02\/javascript:history.back();\" rel=\"nofollow noopener\" class=\"backToSearch\" target=\"_blank\">Retour \u00e0 la recherche<\/a><\/p>\n<p class=\"media-desc\" itemprop=\"description\">&#13;<br \/>\n\t\t\t\t\tCentre de trampoline extr\u00eame, avec un espace d\u00e9di\u00e9 au basketball trampoline, un terrain de dodgeball, une fosse remplie de cubes en mousse.&#13;<br \/>\n\t\t\t\t\t\t\t\t\t\t\t&#13;<br \/>\n\t\t\t\t\t\t\t\t\t\tCinq p\u00f4les distincts sont \u00e0 disposition : le court principal de saut libre, le basket-ball o\u00f9 l\u2019on smashe comme les plus grands basketteurs du monde, le walk on walls, (saut sur les murs) avec des trampolines inclin\u00e9s, le Foam Pit, une piscine de cubes en mousse qui pla\u00eet aux grands comme aux petits, et le Dodgeball, tr\u00e8s r\u00e9pandu aux \u00c9tats-Unis et que l\u2019on conna\u00eet en France sous le nom de balle aux prisonniers. C\u2019est une activit\u00e9 sportive et familiale qui permet de d\u00e9couvrir de nouvelles sensations.&#13;\n\t\t\t\t  <\/p>\n","protected":false},"excerpt":{"rendered":"Retour \u00e0 la recherche &#13; Centre de trampoline extr\u00eame, avec un espace d\u00e9di\u00e9 au basketball trampoline, un terrain&hellip;\n","protected":false},"author":2,"featured_media":617735,"comment_status":"","ping_status":"","sticky":false,"template":"","format":"standard","meta":{"footnotes":""},"categories":[9635],"tags":[1111,11,1777,674,1011,27,775,1702,12,25],"class_list":{"0":"post-617734","1":"post","2":"type-post","3":"status-publish","4":"format-standard","5":"has-post-thumbnail","7":"category-nancy","8":"tag-actu","9":"tag-actualites","10":"tag-eu","11":"tag-europe","12":"tag-fr","13":"tag-france","14":"tag-grand-est","15":"tag-nancy","16":"tag-news","17":"tag-republique-francaise"},"share_on_mastodon":{"url":"https:\/\/pubeurope.com\/@fr\/115768594590557351","error":""},"_links":{"self":[{"href":"https:\/\/www.europesays.com\/fr\/wp-json\/wp\/v2\/posts\/617734","targetHints":{"allow":["GET"]}}],"collection":[{"href":"https:\/\/www.europesays.com\/fr\/wp-json\/wp\/v2\/posts"}],"about":[{"href":"https:\/\/www.europesays.com\/fr\/wp-json\/wp\/v2\/types\/post"}],"author":[{"embeddable":true,"href":"https:\/\/www.europesays.com\/fr\/wp-json\/wp\/v2\/users\/2"}],"replies":[{"embeddable":true,"href":"https:\/\/www.europesays.com\/fr\/wp-json\/wp\/v2\/comments?post=617734"}],"version-history":[{"count":0,"href":"https:\/\/www.europesays.com\/fr\/wp-json\/wp\/v2\/posts\/617734\/revisions"}],"wp:featuredmedia":[{"embeddable":true,"href":"https:\/\/www.europesays.com\/fr\/wp-json\/wp\/v2\/media\/617735"}],"wp:attachment":[{"href":"https:\/\/www.europesays.com\/fr\/wp-json\/wp\/v2\/media?parent=617734"}],"wp:term":[{"taxonomy":"category","embeddable":true,"href":"https:\/\/www.europesays.com\/fr\/wp-json\/wp\/v2\/categories?post=617734"},{"taxonomy":"post_tag","embeddable":true,"href":"https:\/\/www.europesays.com\/fr\/wp-json\/wp\/v2\/tags?post=617734"}],"curies":[{"name":"wp","href":"https:\/\/api.w.org\/{rel}","templated":true}]}}