{"id":617736,"date":"2025-12-23T11:15:21","date_gmt":"2025-12-23T11:15:21","guid":{"rendered":"https:\/\/www.europesays.com\/fr\/617736\/"},"modified":"2025-12-23T11:15:21","modified_gmt":"2025-12-23T11:15:21","slug":"nancy-les-mordus-dart-et-dartisanat-ont-leur-galerie-en-vieille-ville","status":"publish","type":"post","link":"https:\/\/www.europesays.com\/fr\/617736\/","title":{"rendered":"Nancy. Les Mordus d\u2019art et d\u2019artisanat ont leur galerie en Vieille-Ville"},"content":{"rendered":"<p>\u00ab\u00a0Ici, on fl\u00e2ne.\u00a0\u00bb Et l\u2019\u0153il vagabonde. Voltigeant d\u2019une \u00e9tag\u00e8re \u00e0 une table basse, d\u2019une console \u00e0 un bout de mur, il s\u2019arr\u00eate sur de mini-portraits d\u2019animaux, rebondit sur un tableau, s\u2019attarde sur un soliflore de bois aux lignes aussi \u00e9l\u00e9gantes qu\u2019\u00e9pur\u00e9es puis sur un \u00e9clat de verre qu\u2019une main inspir\u00e9e a fait objet.<\/p>\n<p>La main est pass\u00e9e ma\u00eetresse, ici. La main et son intelligence, \u00e0 l\u2019\u0153uvre autour de mati\u00e8res aussi diverses que le bois, la r\u00e9sine, la c\u00e9ramique, la peinture, ou encore le cuir, le papier m\u00e2ch\u00e9, le verre ou le graphite\u2026 La main qui cr\u00e9e des objets en m\u00eame temps qu\u2019elle r\u00e9v\u00e8le des sensibilit\u00e9s artistiques.<\/p>\n<p>Ils sont une vingtaine \u00e0 avoir donn\u00e9 corps \u00e0 leurs id\u00e9es par l\u2019intercession de leur main. Une vingtaine d\u2019exposants, artistes cr\u00e9ateurs, tous r\u00e9unis depuis cet automne dans la m\u00eame galerie et sous la m\u00eame enseigne\u00a0: Les Mordus.<\/p>\n<p>\u00ab\u00a0Mordus parce que ce sont tous des passionn\u00e9s et que je suis tenace\u00a0\u00bb, avance Pascal Vautrin, l\u2019un des fondateurs du lieu. \u00ab\u00a0Voire t\u00eatu\u00a0\u00bb, rench\u00e9rit Jeannet, cofondatrice, dans un large sourire. \u00ab\u00a0Tr\u00e8s t\u00eatu, c\u2019est vrai\u00a0\u00bb, conc\u00e8de l\u2019int\u00e9ress\u00e9. \u00ab\u00a0Quand j\u2019ai une id\u00e9e en t\u00eate, je suis un vrai mordu.\u00a0\u00bb<\/p>\n<p>Et sa derni\u00e8re id\u00e9e a pris ses quartiers au 19, Grande Rue, sous forme d\u2019une galerie d\u2019objets d\u2019art et d\u2019artisanat. Une adresse p\u00e9renne, choisie dans le plus touristique des quartiers de la Ville.<\/p>\n<p>  Formule en souplesse<\/p>\n<p>\u00ab\u00a0C\u2019est ce qui nous a d\u00e9cid\u00e9s\u00a0\u00bb, reconna\u00eet Jeannet. \u00ab\u00a0Une rue pi\u00e9tonne, dans le c\u0153ur historique, o\u00f9 les gens prennent le temps de fl\u00e2ner. Et donc de s\u2019arr\u00eater quand \u00e7a leur pla\u00eet.\u00a0\u00bb<\/p>\n<p>Quant \u00e0 la formule, elle permet \u00e0 des cr\u00e9ateurs, toujours un peu en mal de visibilit\u00e9, de montrer leur travail sur la dur\u00e9e. \u00ab\u00a0D\u2019habitude, d\u2019ailleurs, je m\u2019exposais plut\u00f4t sur des salons, des \u00e9v\u00e9nements temporaires\u00a0\u00bb, t\u00e9moigne la maroquini\u00e8re Juliette Wolff. \u00ab\u00a0Mais j\u2019avais envie d\u2019un peu plus de calme, une solution plus pos\u00e9e. Alors je teste\u00a0!\u00a0\u00bb<\/p>\n<p>Et si elle peut tester, c\u2019est que l\u2019engagement lui en laisse la souplesse. \u00ab\u00a0Les exposants adh\u00e8rent par contrat pendant des p\u00e9riodes d\u00e9finies, renouvelables, sans limite\u00a0\u00bb, pr\u00e9cise Pascal. \u00ab\u00a0Des contrats qui incluent ou non d\u2019assurer des permanences, selon leurs envies et leurs disponibilit\u00e9s. Mais c\u2019est pas mal de pouvoir expliquer son travail en direct.\u00a0\u00bb<\/p>\n<p>  S\u00e9lection coll\u00e9giale<\/p>\n<p>En outre, l\u2019association Cez\u2019arts, support de l\u2019initiative, per\u00e7oit une commission sur les pi\u00e8ces \u00e0 tarif \u00e9lev\u00e9. \u00ab\u00a0\u00c9tant entendu qu\u2019on n\u2019a pas vocation \u00e0 faire de b\u00e9n\u00e9fice. Il faut juste faire en sorte que le dispositif fonctionne. De notre part, c\u2019est du b\u00e9n\u00e9volat pur et simple.\u00a0\u00bb<\/p>\n<p>Quant \u00e0 la s\u00e9lection, elle s\u2019op\u00e8re de fa\u00e7on coll\u00e9giale. Les candidats n\u2019ont d\u2019ailleurs pas tard\u00e9 \u00e0 frapper \u00e0 la porte. Sachant qu\u2019en plus, ici, on ne leur r\u00e9clame par l\u2019exclusivit\u00e9. La main cr\u00e9ative peut donc simultan\u00e9ment montrer ailleurs de quoi elle est capable\u00a0!<\/p>\n<p class=\"note\">Les Mordus, 19 Grande-Rue, les mercredi et jeudi de 14\u00a0h \u00e0 18\u00a0h\u00a030\u00a0; les vendredi et samedi de 10\u00a0h \u00e0 19\u00a0h.<\/p>\n","protected":false},"excerpt":{"rendered":"\u00ab\u00a0Ici, on fl\u00e2ne.\u00a0\u00bb Et l\u2019\u0153il vagabonde. Voltigeant d\u2019une \u00e9tag\u00e8re \u00e0 une table basse, d\u2019une console \u00e0 un bout&hellip;\n","protected":false},"author":2,"featured_media":617737,"comment_status":"","ping_status":"","sticky":false,"template":"","format":"standard","meta":{"footnotes":""},"categories":[9635],"tags":[1111,11,1477,4406,33,1704,1777,674,1011,27,775,1702,1703,12,25],"class_list":{"0":"post-617736","1":"post","2":"type-post","3":"status-publish","4":"format-standard","5":"has-post-thumbnail","7":"category-nancy","8":"tag-actu","9":"tag-actualites","10":"tag-artisanat","11":"tag-commerce-et-services","12":"tag-economie","13":"tag-edition-nancy-et-agglomeration","14":"tag-eu","15":"tag-europe","16":"tag-fr","17":"tag-france","18":"tag-grand-est","19":"tag-nancy","20":"tag-nancy-ville-54b","21":"tag-news","22":"tag-republique-francaise"},"share_on_mastodon":{"url":"https:\/\/pubeurope.com\/@fr\/115768598366430506","error":""},"_links":{"self":[{"href":"https:\/\/www.europesays.com\/fr\/wp-json\/wp\/v2\/posts\/617736","targetHints":{"allow":["GET"]}}],"collection":[{"href":"https:\/\/www.europesays.com\/fr\/wp-json\/wp\/v2\/posts"}],"about":[{"href":"https:\/\/www.europesays.com\/fr\/wp-json\/wp\/v2\/types\/post"}],"author":[{"embeddable":true,"href":"https:\/\/www.europesays.com\/fr\/wp-json\/wp\/v2\/users\/2"}],"replies":[{"embeddable":true,"href":"https:\/\/www.europesays.com\/fr\/wp-json\/wp\/v2\/comments?post=617736"}],"version-history":[{"count":0,"href":"https:\/\/www.europesays.com\/fr\/wp-json\/wp\/v2\/posts\/617736\/revisions"}],"wp:featuredmedia":[{"embeddable":true,"href":"https:\/\/www.europesays.com\/fr\/wp-json\/wp\/v2\/media\/617737"}],"wp:attachment":[{"href":"https:\/\/www.europesays.com\/fr\/wp-json\/wp\/v2\/media?parent=617736"}],"wp:term":[{"taxonomy":"category","embeddable":true,"href":"https:\/\/www.europesays.com\/fr\/wp-json\/wp\/v2\/categories?post=617736"},{"taxonomy":"post_tag","embeddable":true,"href":"https:\/\/www.europesays.com\/fr\/wp-json\/wp\/v2\/tags?post=617736"}],"curies":[{"name":"wp","href":"https:\/\/api.w.org\/{rel}","templated":true}]}}