{"id":617745,"date":"2025-12-23T11:21:13","date_gmt":"2025-12-23T11:21:13","guid":{"rendered":"https:\/\/www.europesays.com\/fr\/617745\/"},"modified":"2025-12-23T11:21:13","modified_gmt":"2025-12-23T11:21:13","slug":"meteo-va-t-il-neiger-a-noel-en-seine-maritime","status":"publish","type":"post","link":"https:\/\/www.europesays.com\/fr\/617745\/","title":{"rendered":"M\u00e9t\u00e9o. Va-t-il neiger \u00e0 No\u00ebl en Seine-Maritime\u00a0?"},"content":{"rendered":"<p melodystyle=\"texte\" data-end=\"508\">A l&rsquo;approche des f\u00eates de No\u00ebl, les pr\u00e9visions m\u00e9t\u00e9orologiques restent incertaines en Seine-Maritime. Si les temp\u00e9ratures devraient nettement baisser dans les prochains jours, <a href=\"https:\/\/www.lecourriercauchois.fr\/actualite-392449-alerte-meteo-la-seine-maritime-toujours-placee-en-vigilance-jaune-neige-verglas-pour-le-week-end\" target=\"_blank\" rel=\"noopener\">des chutes de neige<\/a> demeurent possibles \u00e0 ce stade. Mais on ne parlera pas <a href=\"https:\/\/www.lecourriercauchois.fr\/actualite-392417-meteo-premiers-flocons-en-pays-de-caux-un-reveil-sous-un-leger-manteau-blanc\" target=\"_blank\" rel=\"noopener\">d&rsquo;\u00e9pisode neigeux<\/a>.<\/p>\n<p>Un axe encore incertain<\/p>\n<p melodystyle=\"texte\" data-end=\"879\">A ce jour, l&rsquo;axe le plus probable de cette goutte froide s&rsquo;\u00e9tirerait des r\u00e9gions de l&rsquo;Est vers la r\u00e9gion Centre, puis la Normandie, avant de remonter vers la Bretagne. Une trajectoire qui laisse entrevoir des sc\u00e9narios neigeux possibles pour la Seine-Maritime, mais rien n&rsquo;est encore acquis. \u00ab\u00a0Tout pourrait se jouer \u00e0 quelques kilom\u00e8tres pr\u00e8s\u00a0\u00bb, souligne Beno\u00eet Morel, sp\u00e9cialiste m\u00e9t\u00e9o du d\u00e9partement.<\/p>\n<p>Des chutes de neige possibles, mais limit\u00e9es<\/p>\n<p melodystyle=\"texte\" data-end=\"1222\">Deux \u00e9l\u00e9ments semblent toutefois se d\u00e9gager avec davantage de certitude. D&rsquo;une part, si neige il y a, elle pourrait arriver dans la nuit de mercredi \u00e0 jeudi. D&rsquo;autre part, il s&rsquo;agirait plut\u00f4t de \u00ab\u00a0chutes de neige sporadiques\u00a0\u00bb, sans caract\u00e8re durable ou g\u00e9n\u00e9ralis\u00e9 \u00e0 l&rsquo;ensemble du d\u00e9partement.<\/p>\n<p>Une nette baisse des temp\u00e9ratures<\/p>\n<p melodystyle=\"texte\" data-end=\"1428\">Le changement de temps se fait ressentir d\u00e8s ce mardi 23\u00a0d\u00e9cembre, avec des temp\u00e9ratures maximales comprises entre 3 et 6\u00b0C. La baisse se poursuivra les jours suivants\u00a0:<\/p>\n<ul>&#13;<\/p>\n<li melodystyle=\"texte\" data-end=\"1451\">Mercredi\u00a0: 1 \u00e0 3\u00b0C<\/li>\n<p>&#13;<\/p>\n<li melodystyle=\"texte\" data-end=\"1472\">Jeudi\u00a0: -1 \u00e0 1\u00b0C<\/li>\n<p>&#13;<\/p>\n<li melodystyle=\"texte\" data-end=\"1495\">Vendredi\u00a0: 0 \u00e0 2\u00b0C<\/li>\n<p>&#13;<\/p>\n<li melodystyle=\"texte\" data-end=\"1516\">Samedi\u00a0: 2 \u00e0 4\u00b0C<\/li>\n<p>&#13;<\/p>\n<li melodystyle=\"texte\" data-end=\"1539\">Dimanche\u00a0: 3 \u00e0 5\u00b0C<\/li>\n<p>&#13;\n<\/ul>\n<p melodystyle=\"texte\" data-end=\"1689\">Des gel\u00e9es matinales sont tr\u00e8s probables jeudi, vendredi, samedi et dimanche matin, m\u00eame si leur intensit\u00e9 reste \u00e0 affiner dans les prochains jours.<\/p>\n<p>Un ressenti glacial avec le vent<\/p>\n<p melodystyle=\"texte\" data-end=\"2022\">Au-del\u00e0 des temp\u00e9ratures, c&rsquo;est surtout le ressenti qui s&rsquo;annonce particuli\u00e8rement froid. Un vent sensible de secteur nord-est viendra accentuer l&rsquo;impression de froid, avec des valeurs ressenties pouvant atteindre -6 \u00e0 -8 mercredi soir, -8 \u00e0 -12 jeudi matin, puis encore -4 \u00e0 -6\u00b0C jeudi apr\u00e8s-midi.<\/p>\n","protected":false},"excerpt":{"rendered":"A l&rsquo;approche des f\u00eates de No\u00ebl, les pr\u00e9visions m\u00e9t\u00e9orologiques restent incertaines en Seine-Maritime. Si les temp\u00e9ratures devraient nettement&hellip;\n","protected":false},"author":2,"featured_media":617746,"comment_status":"","ping_status":"","sticky":false,"template":"","format":"standard","meta":{"footnotes":""},"categories":[9587],"tags":[1111,11,1777,674,1011,27,12,5161,25,9590],"class_list":{"0":"post-617745","1":"post","2":"type-post","3":"status-publish","4":"format-standard","5":"has-post-thumbnail","7":"category-rouen","8":"tag-actu","9":"tag-actualites","10":"tag-eu","11":"tag-europe","12":"tag-fr","13":"tag-france","14":"tag-news","15":"tag-normandie","16":"tag-republique-francaise","17":"tag-rouen"},"share_on_mastodon":{"url":"https:\/\/pubeurope.com\/@fr\/115768622117959002","error":""},"_links":{"self":[{"href":"https:\/\/www.europesays.com\/fr\/wp-json\/wp\/v2\/posts\/617745","targetHints":{"allow":["GET"]}}],"collection":[{"href":"https:\/\/www.europesays.com\/fr\/wp-json\/wp\/v2\/posts"}],"about":[{"href":"https:\/\/www.europesays.com\/fr\/wp-json\/wp\/v2\/types\/post"}],"author":[{"embeddable":true,"href":"https:\/\/www.europesays.com\/fr\/wp-json\/wp\/v2\/users\/2"}],"replies":[{"embeddable":true,"href":"https:\/\/www.europesays.com\/fr\/wp-json\/wp\/v2\/comments?post=617745"}],"version-history":[{"count":0,"href":"https:\/\/www.europesays.com\/fr\/wp-json\/wp\/v2\/posts\/617745\/revisions"}],"wp:featuredmedia":[{"embeddable":true,"href":"https:\/\/www.europesays.com\/fr\/wp-json\/wp\/v2\/media\/617746"}],"wp:attachment":[{"href":"https:\/\/www.europesays.com\/fr\/wp-json\/wp\/v2\/media?parent=617745"}],"wp:term":[{"taxonomy":"category","embeddable":true,"href":"https:\/\/www.europesays.com\/fr\/wp-json\/wp\/v2\/categories?post=617745"},{"taxonomy":"post_tag","embeddable":true,"href":"https:\/\/www.europesays.com\/fr\/wp-json\/wp\/v2\/tags?post=617745"}],"curies":[{"name":"wp","href":"https:\/\/api.w.org\/{rel}","templated":true}]}}