{"id":617747,"date":"2025-12-23T11:22:14","date_gmt":"2025-12-23T11:22:14","guid":{"rendered":"https:\/\/www.europesays.com\/fr\/617747\/"},"modified":"2025-12-23T11:22:14","modified_gmt":"2025-12-23T11:22:14","slug":"htc-sante-celebre-les-anniversaires-de-ses-centres-de-lyon-et-rouen","status":"publish","type":"post","link":"https:\/\/www.europesays.com\/fr\/617747\/","title":{"rendered":"HTC Sant\u00e9 c\u00e9l\u00e8bre les anniversaires de ses centres de Lyon et Rouen"},"content":{"rendered":"<p>Les centres HTC Sant\u00e9 de Lyon et Rouen c\u00e9l\u00e8brent respectivement deux et trois ann\u00e9es d\u2019activit\u00e9, soulignant le dynamisme d\u2019un mod\u00e8le ax\u00e9 sur le bien-\u00eatre et l\u2019accompagnement personnalis\u00e9.<\/p>\n<p>Quelles r\u00e9ussites marquent les anniversaires des franchises de Lyon et Rouen\u00a0?<\/p>\n<p>Les \u00e9quipes HTC Sant\u00e9 de Lyon et Rouen c\u00e9l\u00e8brent des \u00e9tapes symboliques, avec deux ans pour le centre lyonnais et trois ans pour celui de Rouen. Ces anniversaires t\u00e9moignent de la <strong>solidit\u00e9 du r\u00e9seau<\/strong> et de sa capacit\u00e9 \u00e0 s\u2019adapter \u00e0 une demande locale exigeante. \u00ab\u00a0Ces anniversaires marquent non seulement la croissance continue du r\u00e9seau, mais aussi la solidit\u00e9 du mod\u00e8le HTC Sant\u00e9, bas\u00e9 sur des cures personnalis\u00e9es et un accompagnement de proximit\u00e9.\u00a0\u00bb<\/p>\n<p>Comment les centres ont-ils contribu\u00e9 au d\u00e9veloppement du r\u00e9seau\u00a0?<\/p>\n<p>Au fil des ann\u00e9es, les deux centres ont accompagn\u00e9 plusieurs centaines de clients dans leurs objectifs de <strong>perte de poids<\/strong>, de <strong>mieux-\u00eatre<\/strong> ou de <strong>pr\u00e9vention sant\u00e9<\/strong>. Ils ont renforc\u00e9 la visibilit\u00e9 de la marque sur leurs territoires respectifs et nou\u00e9 une relation durable avec des clients d\u00e9sireux de b\u00e9n\u00e9ficier d\u2019un <strong>accompagnement s\u00e9rieux et humain<\/strong>. Leur progression illustre le dynamisme du secteur, port\u00e9 par une <strong>demande croissante<\/strong> de solutions associant technologie, expertise nutritionnelle et suivi individualis\u00e9.<\/p>\n<p>Quels b\u00e9n\u00e9fices concrets pour les franchis\u00e9s\u00a0?<\/p>\n<p>Le retour d\u2019exp\u00e9rience positif des franchises lyonnaise et rouennaise met en avant une dynamique \u00ab\u00a0gagnant-gagnant\u00a0\u00bb pour les membres du r\u00e9seau. \u00ab\u00a0Ces anniversaires illustrent la capacit\u00e9 du r\u00e9seau HTC Sant\u00e9 \u00e0 offrir un mod\u00e8le \u00e9conomique p\u00e9renne, fournir un accompagnement global aux franchis\u00e9s\u00a0\u00bb, souligne l\u2019enseigne. Les centres de Lyon et Rouen sont ainsi consid\u00e9r\u00e9s comme de v\u00e9ritables <strong>vitrines<\/strong> du savoir-faire de la marque.<\/p>\n<p>Quelles perspectives pour HTC Sant\u00e9 et son d\u00e9veloppement\u00a0?<\/p>\n<p>Dans un march\u00e9 en pleine \u00e9volution, la r\u00e9ussite de ces centres confirme la pertinence d\u2019un concept fond\u00e9 sur la rigueur et la relation client. \u00ab\u00a0L\u2019alliance entre expertise, rigueur et relation client durable cr\u00e9e une croissance solide\u00a0\u00bb, indique le communiqu\u00e9. Les performances observ\u00e9es confortent HTC Sant\u00e9 dans sa volont\u00e9 de soutenir une expansion nationale, en misant sur un accompagnement fort de chacun des franchis\u00e9s.<\/p>\n","protected":false},"excerpt":{"rendered":"Les centres HTC Sant\u00e9 de Lyon et Rouen c\u00e9l\u00e8brent respectivement deux et trois ann\u00e9es d\u2019activit\u00e9, soulignant le dynamisme&hellip;\n","protected":false},"author":2,"featured_media":617748,"comment_status":"","ping_status":"","sticky":false,"template":"","format":"standard","meta":{"footnotes":""},"categories":[9587],"tags":[1111,11,1777,674,1011,27,12,5161,25,9590],"class_list":{"0":"post-617747","1":"post","2":"type-post","3":"status-publish","4":"format-standard","5":"has-post-thumbnail","7":"category-rouen","8":"tag-actu","9":"tag-actualites","10":"tag-eu","11":"tag-europe","12":"tag-fr","13":"tag-france","14":"tag-news","15":"tag-normandie","16":"tag-republique-francaise","17":"tag-rouen"},"share_on_mastodon":{"url":"https:\/\/pubeurope.com\/@fr\/115768625926517447","error":""},"_links":{"self":[{"href":"https:\/\/www.europesays.com\/fr\/wp-json\/wp\/v2\/posts\/617747","targetHints":{"allow":["GET"]}}],"collection":[{"href":"https:\/\/www.europesays.com\/fr\/wp-json\/wp\/v2\/posts"}],"about":[{"href":"https:\/\/www.europesays.com\/fr\/wp-json\/wp\/v2\/types\/post"}],"author":[{"embeddable":true,"href":"https:\/\/www.europesays.com\/fr\/wp-json\/wp\/v2\/users\/2"}],"replies":[{"embeddable":true,"href":"https:\/\/www.europesays.com\/fr\/wp-json\/wp\/v2\/comments?post=617747"}],"version-history":[{"count":0,"href":"https:\/\/www.europesays.com\/fr\/wp-json\/wp\/v2\/posts\/617747\/revisions"}],"wp:featuredmedia":[{"embeddable":true,"href":"https:\/\/www.europesays.com\/fr\/wp-json\/wp\/v2\/media\/617748"}],"wp:attachment":[{"href":"https:\/\/www.europesays.com\/fr\/wp-json\/wp\/v2\/media?parent=617747"}],"wp:term":[{"taxonomy":"category","embeddable":true,"href":"https:\/\/www.europesays.com\/fr\/wp-json\/wp\/v2\/categories?post=617747"},{"taxonomy":"post_tag","embeddable":true,"href":"https:\/\/www.europesays.com\/fr\/wp-json\/wp\/v2\/tags?post=617747"}],"curies":[{"name":"wp","href":"https:\/\/api.w.org\/{rel}","templated":true}]}}