{"id":617749,"date":"2025-12-23T11:25:20","date_gmt":"2025-12-23T11:25:20","guid":{"rendered":"https:\/\/www.europesays.com\/fr\/617749\/"},"modified":"2025-12-23T11:25:20","modified_gmt":"2025-12-23T11:25:20","slug":"le-rc-vannes-en-prime-time-le-vendredi-soir-a-grenoble-la-programmation-de-la-18e-journee-de-pro-d2","status":"publish","type":"post","link":"https:\/\/www.europesays.com\/fr\/617749\/","title":{"rendered":"Le RC Vannes en prime time le vendredi soir \u00e0 Grenoble\u2026 la programmation de la 18e journ\u00e9e de Pro D2"},"content":{"rendered":"<p>Le RC Vannes de Jean-No\u00ebl Spitzer aurait voulu finir l\u2019ann\u00e9e 2025 sur une victoire mais B\u00e9ziers en a d\u00e9cid\u00e9 autrement, <a href=\"https:\/\/www.letelegramme.fr\/sports\/rugby\/rc-vannes\/beziers-rc-vannes-le-resume-de-la-troisieme-defaite-de-la-saison-du-rcv-dans-un-match-a-oublier-pour-finir-lannee-6950917.php\" target=\"_blank\" rel=\"noopener\">en s\u2019imposant 23-17<\/a> le jeudi 18 d\u00e9cembre. Une d\u00e9faite frustrante certes mais les Vannetais restent toujours leader de Pro D2 avec 54 points, devan\u00e7ant Colomiers et ses 47 points.<\/p>\n<p>\u00c0 la reprise, les co\u00e9quipiers de Michael Ruru accueilleront le Stade Montois le vendredi 9 janvier \u00e0 21 h puis Brive le samedi 17 janvier \u00e0 21 h. Deux rencontres \u00e0 la maison avant un d\u00e9placement en Is\u00e8re pour y affronter Grenoble, le vendredi 23 janvier, \u00e0 21 h.<\/p>\n<p><strong class=\"tech\">Le programme complet de la 18e journ\u00e9e de Pro D2<\/strong><\/p>\n<p class=\"tech\"><strong class=\"tech\">Jeudi 22 janvier (21 h)<\/strong><\/p>\n<p class=\"tech\">Agen &#8211; Colomiers Rugby<\/p>\n<p class=\"tech\"><strong class=\"tech\">Vendredi 23 janvier (19 h)<\/strong><\/p>\n<p class=\"tech\">Provence Rugby &#8211; Stade Aurillacois<\/p>\n<p class=\"tech\"><strong class=\"tech\">Vendredi 23 janvier (19 h 30)<\/strong><\/p>\n<p class=\"tech\">Brive &#8211; B\u00e9ziers<\/p>\n<p class=\"tech\">Soyaux-Angoul\u00eame &#8211; Oyonnax<\/p>\n<p class=\"tech\">US Dax &#8211; Biarritz<\/p>\n<p class=\"tech\">Nevers &#8211; Stade Montois<\/p>\n<p class=\"tech\">Valence Romans &#8211; US Carcassonne<\/p>\n<p class=\"tech\"><strong class=\"tech\">Vendredi 23 janvier (21 h)<\/strong><\/p>\n<p class=\"tech\">FC Grenoble &#8211; RC Vannes<\/p>\n","protected":false},"excerpt":{"rendered":"Le RC Vannes de Jean-No\u00ebl Spitzer aurait voulu finir l\u2019ann\u00e9e 2025 sur une victoire mais B\u00e9ziers en a&hellip;\n","protected":false},"author":2,"featured_media":617750,"comment_status":"","ping_status":"","sticky":false,"template":"","format":"standard","meta":{"footnotes":""},"categories":[9566],"tags":[1111,11,2430,3166,1777,674,1011,27,2731,12,2308,3164,25,479,60,3165],"class_list":{"0":"post-617749","1":"post","2":"type-post","3":"status-publish","4":"format-standard","5":"has-post-thumbnail","7":"category-grenoble","8":"tag-actu","9":"tag-actualites","10":"tag-auvergne-rhone-alpes","11":"tag-en-continu-sports","12":"tag-eu","13":"tag-europe","14":"tag-fr","15":"tag-france","16":"tag-grenoble","17":"tag-news","18":"tag-pro-d2","19":"tag-rc-vannes","20":"tag-republique-francaise","21":"tag-rugby","22":"tag-sports","23":"tag-vannes"},"share_on_mastodon":{"url":"https:\/\/pubeurope.com\/@fr\/115768637911341028","error":""},"_links":{"self":[{"href":"https:\/\/www.europesays.com\/fr\/wp-json\/wp\/v2\/posts\/617749","targetHints":{"allow":["GET"]}}],"collection":[{"href":"https:\/\/www.europesays.com\/fr\/wp-json\/wp\/v2\/posts"}],"about":[{"href":"https:\/\/www.europesays.com\/fr\/wp-json\/wp\/v2\/types\/post"}],"author":[{"embeddable":true,"href":"https:\/\/www.europesays.com\/fr\/wp-json\/wp\/v2\/users\/2"}],"replies":[{"embeddable":true,"href":"https:\/\/www.europesays.com\/fr\/wp-json\/wp\/v2\/comments?post=617749"}],"version-history":[{"count":0,"href":"https:\/\/www.europesays.com\/fr\/wp-json\/wp\/v2\/posts\/617749\/revisions"}],"wp:featuredmedia":[{"embeddable":true,"href":"https:\/\/www.europesays.com\/fr\/wp-json\/wp\/v2\/media\/617750"}],"wp:attachment":[{"href":"https:\/\/www.europesays.com\/fr\/wp-json\/wp\/v2\/media?parent=617749"}],"wp:term":[{"taxonomy":"category","embeddable":true,"href":"https:\/\/www.europesays.com\/fr\/wp-json\/wp\/v2\/categories?post=617749"},{"taxonomy":"post_tag","embeddable":true,"href":"https:\/\/www.europesays.com\/fr\/wp-json\/wp\/v2\/tags?post=617749"}],"curies":[{"name":"wp","href":"https:\/\/api.w.org\/{rel}","templated":true}]}}