{"id":617758,"date":"2025-12-23T11:33:23","date_gmt":"2025-12-23T11:33:23","guid":{"rendered":"https:\/\/www.europesays.com\/fr\/617758\/"},"modified":"2025-12-23T11:33:23","modified_gmt":"2025-12-23T11:33:23","slug":"ce-que-prevoient-villefranche-et-beaulieu-sur-mer-dici-a-janvier","status":"publish","type":"post","link":"https:\/\/www.europesays.com\/fr\/617758\/","title":{"rendered":"ce que pr\u00e9voient Villefranche et Beaulieu-sur-Mer d&rsquo;ici \u00e0 janvier"},"content":{"rendered":"<p><strong>\u00c0 Villefranche-sur-Mer et Beaulieu-sur-Mer pour les vacances de No\u00ebl, les animations se multiplient jusqu\u2019en janvier avec des patinoires, des d\u00e9fil\u00e9s ou encore des concerts.<\/strong><\/p>\n<p>Un air de f\u00eate gagne les communes des Alpes-Maritimes. Une majorit\u00e9 d\u2019entre elles ont d\u00e9but\u00e9 les c\u00e9l\u00e9brations de No\u00ebl depuis un moment d\u00e9j\u00e0 avec de splendides d\u00e9corations et des \u00e9v\u00e8nements donn\u00e9s jusqu\u2019en janvier. Nice en est la principale illustration sur la C\u00f4te d\u2019Azur, avec son march\u00e9 <a href=\"https:\/\/nicepresse.com\/nice-classe-par-deux-palmares-comme-lun-des-plus-beaux-marches-de-toute-la-france-le-village-de-noel-2025-attire-deja-beaucoup-du-monde\/\" data-wpel-link=\"internal\" target=\"_blank\" rel=\"noopener\">qui attire bien du monde<\/a>.<\/p>\n<p>Mais la capitale maralpine n\u2019a pas le monopole de ces r\u00e9jouissances, puisque <a href=\"https:\/\/nicepresse.com\/feu-dartifice-parades-animations-gratuites-les-meilleures-idees-pour-feter-noel-2025-ces-prochains-jours-dans-les-communes-proches-de-nice\/\" data-wpel-link=\"internal\" target=\"_blank\" rel=\"noopener\">d\u2019autres municipalit\u00e9s<\/a> lui ont emboit\u00e9 le pas. \u00c0\u00a0l\u2019image de sa voisine, Villefranche-sur-Mer. Son centre est transform\u00e9 jusqu\u2019au 4\u00a0janvier en un village merveilleux comprenant man\u00e8ges, stands gourmands, march\u00e9s et ornementations lumineuses.<\/p>\n<p><a href=\"https:\/\/espacelympia.departement06.fr\/agenda\/brigitte-mylene-et-michele-les-petites-cheries-de-la-cote-dazur\" data-wpel-link=\"external\" target=\"_blank\" rel=\"external noopener noreferrer\"><img loading=\"lazy\" decoding=\"async\" width=\"300\" height=\"300\" src=\"https:\/\/www.europesays.com\/fr\/wp-content\/uploads\/2025\/12\/APWeb_LPC_300x300_YB_300-x-300.jpg\" alt=\"\" class=\"wp-image-262664\"\/><\/a><\/p>\n<p>Patinoire, man\u00e8ges et chalets gourmands \u00e0\u00a0Villefranche-sur-Mer<\/p>\n<blockquote class=\"instagram-media\" data-instgrm-permalink=\"https:\/\/www.instagram.com\/p\/DDUd5gQtm7u\/?utm_source=ig_embed&amp;utm_campaign=loading\" data-instgrm-version=\"14\" style=\" background:#FFF; border:0; border-radius:3px; box-shadow:0 0 1px 0 rgba(0,0,0,0.5),0 1px 10px 0 rgba(0,0,0,0.15); margin: 1px; max-width:540px; min-width:326px; padding:0; width:99.375%; width:-webkit-calc(100% - 2px); width:calc(100% - 2px);\"\/>\n<p>Tout cela autour d\u2019une vaste patinoire de 300 m\u00e8tres carr\u00e9s ouverte presque au quotidien, except\u00e9 les 25 d\u00e9cembre 2025 et 1er janvier 2026. Pour une session de glisse, comptez 6\u00a0euros. Les enfants pourront aussi se divertir gr\u00e2ce aux balades en poney du 20 au 27, sauf le 25, au trampoline ou au carrousel. Pour les souvenirs, emmenez-les au chalet du P\u00e8re No\u00ebl du 20 au 24 d\u00e9cembre, aux jardins Sud de l\u2019H\u00f4tel de\u00a0Ville.<\/p>\n<p>Sur la place des Arts, laissez-vous tenter par cet \u00e9tal qui sera en service jusqu\u2019au 29 d\u00e9cembre, avec \u00e0\u00a0la carte des cr\u00eapes, des gaufres, de la barbe \u00e0\u00a0papa, du chocolat chaud, des hot-dogs et des churros. On y\u00a0retrouvera \u00e9galement des ch\u00e2taignes. Pour terminer, impossible de passer \u00e0\u00a0c\u00f4t\u00e9 du bain de No\u00ebl dans le quartier Saint-Michel. Une manifestation pour les plus courageux (ou les moins frileux) le 21 d\u00e9cembre \u00e0\u00a011 heures \u00e0\u00a0la plage des Marini\u00e8res.<\/p>\n<p>Promenades en cal\u00e8che et parades musicales \u00e0\u00a0Beaulieu-sur-Mer<\/p>\n<blockquote class=\"instagram-media\" data-instgrm-permalink=\"https:\/\/www.instagram.com\/p\/DR5IcmejP_p\/?utm_source=ig_embed&amp;utm_campaign=loading\" data-instgrm-version=\"14\" style=\" background:#FFF; border:0; border-radius:3px; box-shadow:0 0 1px 0 rgba(0,0,0,0.5),0 1px 10px 0 rgba(0,0,0,0.15); margin: 1px; max-width:540px; min-width:326px; padding:0; width:99.375%; width:-webkit-calc(100% - 2px); width:calc(100% - 2px);\"\/>\n<p>Juste \u00e0\u00a0c\u00f4t\u00e9, \u00e0\u00a0Beaulieu-sur-Mer, le menu sera tr\u00e8s riche. Nous pouvons citer tout d\u2019abord la patinoire sur la place Marinoni, accessible jusqu\u2019au 4\u00a0janvier. L\u2019entr\u00e9e y\u00a0est fix\u00e9e \u00e0\u00a05 euros. Les deux derniers mardis de 2025, toute la famille peut s\u2019offrir une promenade en cal\u00e8che, gratuitement, dans la plus pure tradition de\u00a0No\u00ebl.<\/p>\n<p>Habitants et visiteurs seront divertis par des rendez-vous musicaux. On pense au concert de l\u2019\u00e9glise anglicane, dimanche 21 d\u00e9cembre (18 heures), ainsi qu\u2019aux parades organis\u00e9es le samedi 27 d\u00e9cembre. La premi\u00e8re, dans les ruelles du centre le matin, la seconde sur la place Marinoni\u00a0toutes les demi-heures \u00e0\u00a0partir de 18 heures.\u00a0<\/p>\n<p><a href=\"https:\/\/www.nice.fr\/noel-a-nice\/\" data-wpel-link=\"external\" target=\"_blank\" rel=\"external noopener noreferrer\"><img loading=\"lazy\" decoding=\"async\" width=\"300\" height=\"300\" src=\"https:\/\/www.europesays.com\/fr\/wp-content\/uploads\/2025\/11\/NoelNice_Coeur-Article-NicePresse-300x300-2.png\" alt=\"\" class=\"wp-image-260426\"\/><\/a><\/p>\n<p>\t<script async src=\"\/\/www.instagram.com\/embed.js\"><\/script><\/p>\n","protected":false},"excerpt":{"rendered":"\u00c0 Villefranche-sur-Mer et Beaulieu-sur-Mer pour les vacances de No\u00ebl, les animations se multiplient jusqu\u2019en janvier avec des patinoires,&hellip;\n","protected":false},"author":2,"featured_media":617759,"comment_status":"","ping_status":"","sticky":false,"template":"","format":"standard","meta":{"footnotes":""},"categories":[2819],"tags":[1111,11,1777,674,1011,27,12,2401,882,25],"class_list":{"0":"post-617758","1":"post","2":"type-post","3":"status-publish","4":"format-standard","5":"has-post-thumbnail","7":"category-nice","8":"tag-actu","9":"tag-actualites","10":"tag-eu","11":"tag-europe","12":"tag-fr","13":"tag-france","14":"tag-news","15":"tag-nice","16":"tag-provence-alpes-cote-dazur","17":"tag-republique-francaise"},"share_on_mastodon":{"url":"https:\/\/pubeurope.com\/@fr\/115768670581721999","error":""},"_links":{"self":[{"href":"https:\/\/www.europesays.com\/fr\/wp-json\/wp\/v2\/posts\/617758","targetHints":{"allow":["GET"]}}],"collection":[{"href":"https:\/\/www.europesays.com\/fr\/wp-json\/wp\/v2\/posts"}],"about":[{"href":"https:\/\/www.europesays.com\/fr\/wp-json\/wp\/v2\/types\/post"}],"author":[{"embeddable":true,"href":"https:\/\/www.europesays.com\/fr\/wp-json\/wp\/v2\/users\/2"}],"replies":[{"embeddable":true,"href":"https:\/\/www.europesays.com\/fr\/wp-json\/wp\/v2\/comments?post=617758"}],"version-history":[{"count":0,"href":"https:\/\/www.europesays.com\/fr\/wp-json\/wp\/v2\/posts\/617758\/revisions"}],"wp:featuredmedia":[{"embeddable":true,"href":"https:\/\/www.europesays.com\/fr\/wp-json\/wp\/v2\/media\/617759"}],"wp:attachment":[{"href":"https:\/\/www.europesays.com\/fr\/wp-json\/wp\/v2\/media?parent=617758"}],"wp:term":[{"taxonomy":"category","embeddable":true,"href":"https:\/\/www.europesays.com\/fr\/wp-json\/wp\/v2\/categories?post=617758"},{"taxonomy":"post_tag","embeddable":true,"href":"https:\/\/www.europesays.com\/fr\/wp-json\/wp\/v2\/tags?post=617758"}],"curies":[{"name":"wp","href":"https:\/\/api.w.org\/{rel}","templated":true}]}}