{"id":617760,"date":"2025-12-23T11:34:11","date_gmt":"2025-12-23T11:34:11","guid":{"rendered":"https:\/\/www.europesays.com\/fr\/617760\/"},"modified":"2025-12-23T11:34:11","modified_gmt":"2025-12-23T11:34:11","slug":"une-victime-dans-un-etat-grave-evacuee-par-les-pompiers","status":"publish","type":"post","link":"https:\/\/www.europesays.com\/fr\/617760\/","title":{"rendered":"une victime dans un \u00e9tat grave \u00e9vacu\u00e9e par les pompiers"},"content":{"rendered":"<p>                    Par<br \/>\n        <strong><br \/>\n            <a href=\"https:\/\/actu.fr\/auteur\/ugo-maillard\" title=\"Consulter tous les articles de Ugo Maillard\" target=\"_blank\" rel=\"noopener\">Ugo Maillard<\/a><br \/>\n                    <\/strong><\/p>\n<p>        Publi\u00e9 le<\/p>\n<p>            23 d\u00e9c. 2025 \u00e0 11h57        <\/p>\n<p>Un incendie s\u2019est d\u00e9clar\u00e9 dans une maison situ\u00e9e sur la commune de Vence (<a href=\"https:\/\/actu.fr\/provence-alpes-cote-d-azur\/alpes-maritimes_06\" target=\"_blank\" rel=\"noopener\">Alpes-Maritimes<\/a>), ce mardi 23\u00a0d\u00e9cembre 2025. Le feu est parti dans une chambre, au 2e \u00e9tage de l\u2019habitation.<\/p>\n<p class=\" wall-content\">Arriv\u00e9s au niveau de l\u2019avenue Henri-Isnard, au nord de <a href=\"https:\/\/actu.fr\/nice\/\" target=\"_blank\" rel=\"noopener\">Nice<\/a>, les sapeurs-pompiers ont \u00e9vacu\u00e9 et pris en charge une victime. Il s\u2019agit d\u2019un homme de 36\u00a0ans pris en charge dans un <strong>\u00e9tat grave<\/strong> par le SMUR.<\/p>\n<p>    <a href=\"https:\/\/www.google.com\/maps\/embed?pb=!1m18!1m12!1m3!1d4849.262573524439!2d7.109828008343374!3d43.723249858929044!2m3!1f0!2f0!3f0!3m2!1i1024!2i768!4f13.1!3m3!1m2!1s0x12cdcd5f65e21c77%3A0x38f33bf5778bf516!2sAv.%20Henri%20Isnard%2C%2006140%20Vence!5e0!3m2!1sfr!2sfr!4v1766487112867!5m2!1sfr!2sfr\" title=\"Ouvrie le lien\" target=\"_blank\" rel=\"noopener\">Cliquez ici pour visualiser le contenu<\/a><\/p>\n<p class=\" wall-content\">La victime a \u00e9t\u00e9 transport\u00e9e vers un centre hospitalier.<\/p>\n<p>Le feu est ma\u00eetris\u00e9<\/p>\n<p class=\" wall-content\">Le service d\u00e9partemental d\u2019incendie et de secours des Alpes-Maritimes indique \u00e0 actu Nice que le feu a \u00e9t\u00e9 rapidement ma\u00eetris\u00e9 au moyen d\u2019<strong>une lance incendie<\/strong>.<\/p>\n<p class=\" wall-content\">Au total, 13 sapeurs-pompiers et cinq engins ont \u00e9t\u00e9 d\u00e9ploy\u00e9s pour cet incendie.<\/p>\n<p class=\" wall-content\">Personnalisez votre actualit\u00e9 en ajoutant vos villes et m\u00e9dias en favori avec <a href=\"https:\/\/moncompte.actu.fr\" title=\"D\u00e9couvez Mon Actu\" rel=\"nofollow noopener\" data-trk=\"{&quot;cta&quot;:{&quot;action&quot;:&quot;https:\\\/\\\/moncompte.actu.fr&quot;,&quot;category&quot;:&quot;mon compte&quot;,&quot;from&quot;:&quot;article footer&quot;,&quot;name&quot;:&quot;Mon actu&quot;,&quot;type&quot;:&quot;cta&quot;}}\" target=\"_blank\">Mon Actu<\/a>.<\/p>\n","protected":false},"excerpt":{"rendered":"Par Ugo Maillard Publi\u00e9 le 23 d\u00e9c. 2025 \u00e0 11h57 Un incendie s\u2019est d\u00e9clar\u00e9 dans une maison situ\u00e9e&hellip;\n","protected":false},"author":2,"featured_media":617761,"comment_status":"","ping_status":"","sticky":false,"template":"","format":"standard","meta":{"footnotes":""},"categories":[2819],"tags":[1111,11,1777,674,118,1011,27,1310,12,2401,1311,882,25],"class_list":{"0":"post-617760","1":"post","2":"type-post","3":"status-publish","4":"format-standard","5":"has-post-thumbnail","7":"category-nice","8":"tag-actu","9":"tag-actualites","10":"tag-eu","11":"tag-europe","12":"tag-faits-divers","13":"tag-fr","14":"tag-france","15":"tag-incendie","16":"tag-news","17":"tag-nice","18":"tag-pompiers","19":"tag-provence-alpes-cote-dazur","20":"tag-republique-francaise"},"share_on_mastodon":{"url":"https:\/\/pubeurope.com\/@fr\/115768673159038940","error":""},"_links":{"self":[{"href":"https:\/\/www.europesays.com\/fr\/wp-json\/wp\/v2\/posts\/617760","targetHints":{"allow":["GET"]}}],"collection":[{"href":"https:\/\/www.europesays.com\/fr\/wp-json\/wp\/v2\/posts"}],"about":[{"href":"https:\/\/www.europesays.com\/fr\/wp-json\/wp\/v2\/types\/post"}],"author":[{"embeddable":true,"href":"https:\/\/www.europesays.com\/fr\/wp-json\/wp\/v2\/users\/2"}],"replies":[{"embeddable":true,"href":"https:\/\/www.europesays.com\/fr\/wp-json\/wp\/v2\/comments?post=617760"}],"version-history":[{"count":0,"href":"https:\/\/www.europesays.com\/fr\/wp-json\/wp\/v2\/posts\/617760\/revisions"}],"wp:featuredmedia":[{"embeddable":true,"href":"https:\/\/www.europesays.com\/fr\/wp-json\/wp\/v2\/media\/617761"}],"wp:attachment":[{"href":"https:\/\/www.europesays.com\/fr\/wp-json\/wp\/v2\/media?parent=617760"}],"wp:term":[{"taxonomy":"category","embeddable":true,"href":"https:\/\/www.europesays.com\/fr\/wp-json\/wp\/v2\/categories?post=617760"},{"taxonomy":"post_tag","embeddable":true,"href":"https:\/\/www.europesays.com\/fr\/wp-json\/wp\/v2\/tags?post=617760"}],"curies":[{"name":"wp","href":"https:\/\/api.w.org\/{rel}","templated":true}]}}