{"id":617766,"date":"2025-12-23T11:38:13","date_gmt":"2025-12-23T11:38:13","guid":{"rendered":"https:\/\/www.europesays.com\/fr\/617766\/"},"modified":"2025-12-23T11:38:13","modified_gmt":"2025-12-23T11:38:13","slug":"des-conteneurs-mis-en-place-pour-donner-une-seconde-vie-aux-coquilles-des-fetes","status":"publish","type":"post","link":"https:\/\/www.europesays.com\/fr\/617766\/","title":{"rendered":"des conteneurs mis en place pour donner une seconde vie aux coquilles des f\u00eates"},"content":{"rendered":"<p>Sont prises les coquilles d\u2019hu\u00eetres, Saint-Jacques, palourdes, praires, amandes et bivalves en tout genre. Par contre, on laisse de c\u00f4t\u00e9 les moules, coques, bulots, bigorneaux, crevettes\u2026 \u00e0 cause des restes trop carn\u00e9s qui ne passent pas dans le recyclage.<\/p>\n<p>Pour les sols ou le mobilier<\/p>\n<p>Ces coquilles seront collect\u00e9es puis stock\u00e9es pour \u00e9liminer la mati\u00e8re organique. Ensuite, elles seront concass\u00e9es et recycl\u00e9es localement pour mettre un peu de magie dans les sols agricoles, un brin de b\u00e9ton design pour du mobilier funky\u2026<\/p>\n","protected":false},"excerpt":{"rendered":"Sont prises les coquilles d\u2019hu\u00eetres, Saint-Jacques, palourdes, praires, amandes et bivalves en tout genre. Par contre, on laisse&hellip;\n","protected":false},"author":2,"featured_media":617767,"comment_status":"","ping_status":"","sticky":false,"template":"","format":"standard","meta":{"footnotes":""},"categories":[2817],"tags":[1111,11,1997,1777,674,1011,27,12,2219,25],"class_list":{"0":"post-617766","1":"post","2":"type-post","3":"status-publish","4":"format-standard","5":"has-post-thumbnail","7":"category-bordeaux","8":"tag-actu","9":"tag-actualites","10":"tag-bordeaux","11":"tag-eu","12":"tag-europe","13":"tag-fr","14":"tag-france","15":"tag-news","16":"tag-nouvelle-aquitaine","17":"tag-republique-francaise"},"share_on_mastodon":{"url":"https:\/\/pubeurope.com\/@fr\/115768688954174459","error":""},"_links":{"self":[{"href":"https:\/\/www.europesays.com\/fr\/wp-json\/wp\/v2\/posts\/617766","targetHints":{"allow":["GET"]}}],"collection":[{"href":"https:\/\/www.europesays.com\/fr\/wp-json\/wp\/v2\/posts"}],"about":[{"href":"https:\/\/www.europesays.com\/fr\/wp-json\/wp\/v2\/types\/post"}],"author":[{"embeddable":true,"href":"https:\/\/www.europesays.com\/fr\/wp-json\/wp\/v2\/users\/2"}],"replies":[{"embeddable":true,"href":"https:\/\/www.europesays.com\/fr\/wp-json\/wp\/v2\/comments?post=617766"}],"version-history":[{"count":0,"href":"https:\/\/www.europesays.com\/fr\/wp-json\/wp\/v2\/posts\/617766\/revisions"}],"wp:featuredmedia":[{"embeddable":true,"href":"https:\/\/www.europesays.com\/fr\/wp-json\/wp\/v2\/media\/617767"}],"wp:attachment":[{"href":"https:\/\/www.europesays.com\/fr\/wp-json\/wp\/v2\/media?parent=617766"}],"wp:term":[{"taxonomy":"category","embeddable":true,"href":"https:\/\/www.europesays.com\/fr\/wp-json\/wp\/v2\/categories?post=617766"},{"taxonomy":"post_tag","embeddable":true,"href":"https:\/\/www.europesays.com\/fr\/wp-json\/wp\/v2\/tags?post=617766"}],"curies":[{"name":"wp","href":"https:\/\/api.w.org\/{rel}","templated":true}]}}