{"id":617772,"date":"2025-12-23T11:41:12","date_gmt":"2025-12-23T11:41:12","guid":{"rendered":"https:\/\/www.europesays.com\/fr\/617772\/"},"modified":"2025-12-23T11:41:12","modified_gmt":"2025-12-23T11:41:12","slug":"recit-bebe-dans-un-sac-amene-a-lhopital-de-toulouse-une-jeune-mere-perdue-un-deni-de-grossesse-les-enqueteurs-face-a-un-mystere","status":"publish","type":"post","link":"https:\/\/www.europesays.com\/fr\/617772\/","title":{"rendered":"RECIT. B\u00e9b\u00e9 dans un sac amen\u00e9 \u00e0 l\u2019h\u00f4pital de Toulouse\u00a0: une jeune m\u00e8re perdue, un d\u00e9ni de grossesse\u2026 les enqu\u00eateurs face \u00e0 un myst\u00e8re"},"content":{"rendered":"<p>\n                                                                    l&rsquo;essentiel<br \/>\n                                                                INFO LA DEPECHE. L\u2019enqu\u00eate progresse \u00e0 Toulouse apr\u00e8s la d\u00e9couverte macabre d\u2019un nouveau-n\u00e9 dans un sac \u00e0 dos \u00e0 l\u2019h\u00f4pital Pierre-Paul Riquet. Entre d\u00e9ni de grossesse pr\u00e9sum\u00e9 et investigations criminelles, la m\u00e8re de 23 ans a reconnu avoir accouch\u00e9 seule \u00e0 son domicile. Alors que l\u2019autopsie doit d\u00e9terminer si l\u2019enfant a succomb\u00e9 \u00e0 un acte volontaire ou aux conditions pr\u00e9caires de sa naissance, le parquet a ouvert une enqu\u00eate pour meurtre sur mineur.\n                            <\/p>\n<p>Au lendemain d\u2019un drame survenu \u00e0 l\u2019\u00e9tablissement de sant\u00e9 Pierre-Paul Riquet, \u00e0 Toulouse, l\u2019enqu\u00eate progresse. Le nourrisson retrouv\u00e9 sans vie dans un sac \u00e0 dos est bien celui de la suspecte. Cette jeune femme de 23 ans, qui pr\u00e9tendait initialement venir \u00e0 l\u2019h\u00f4pital de la part d\u2019une amie, a finalement reconnu avoir mis au monde une petite fille. Un nourrisson vraisemblablement arriv\u00e9 \u00e0 terme au regard de son poids, sup\u00e9rieur \u00e0 3\u00a0kg.<\/p>\n<p class=\"std-elt__inline\">\n        <strong>\u00c0 lire aussi :<\/strong><br \/>\n        <a href=\"https:\/\/www.ladepeche.fr\/2025\/12\/22\/cette-femme-de-23-ans-entre-a-lhopital-des-enfants-avec-un-sac-a-dos-le-contenu-glace-les-medecins-13125839.php\" target=\"_blank\" rel=\"noopener\">EXCLUSIF. Une femme de 23 ans entre \u00e0 l\u2019h\u00f4pital de Toulouse avec un sac \u00e0 dos, le contenu glace les m\u00e9decins\u00a0: une enqu\u00eate ouverte<\/a>\n    <\/p>\n<p>La Toulousaine a \u00e9t\u00e9 plac\u00e9e en garde \u00e0 vue par la division de la criminalit\u00e9 territoriale (DCT) avant d\u2019\u00eatre remise aux m\u00e9decins. Elle est actuellement prise en charge afin de soigner les s\u00e9quelles physiques de l\u2019accouchement. Plac\u00e9e dans une situation d\u2019extr\u00eame vuln\u00e9rabilit\u00e9, la jeune femme est d\u00e9crite comme \u00ab\u00a0particuli\u00e8rement perturb\u00e9e sur le plan psychique\u00a0\u00bb par ceux qui l\u2019ont crois\u00e9e\u00a0; elle ne se serait jamais aper\u00e7ue de sa grossesse jusqu\u2019\u00e0 ce dimanche 21\u00a0d\u00e9cembre. Ce jour-l\u00e0, alors que sa grand-m\u00e8re se trouvait au domicile, la suspecte s\u2019est isol\u00e9e pour accoucher seule dans une pi\u00e8ce. Apr\u00e8s avoir retrouv\u00e9 ses esprits, elle s\u2019est rendue au centre hospitalier avec des propos d\u00e9cousus. Elle pr\u00e9tendait d\u2019abord que le sac \u00e0 dos lui avait \u00e9t\u00e9 confi\u00e9 par une connaissance. \u00c0 l\u2019int\u00e9rieur, outre le corps de l\u2019enfant, les m\u00e9decins ont d\u00e9couvert un message \u00e9crit \u00e0 la main sur un post-it\u00a0: \u00ab\u00a0Le b\u00e9b\u00e9 est n\u00e9 le 21\u00a0d\u00e9cembre et je l\u2019ai lav\u00e9\u00a0\u00bb.<\/p>\n<p>Une perquisition men\u00e9e<\/p>\n<p>Sa version des faits a radicalement chang\u00e9 face aux policiers, d\u00e9termin\u00e9s \u00e0 faire la lumi\u00e8re sur cette affaire. \u00ab\u00a0Nous avons ouvert une enqu\u00eate pour meurtre sur mineur de 15 ans\u00a0\u00bb, pr\u00e9cise David Charmatz, le procureur de la R\u00e9publique. Une autopsie est pr\u00e9vue ce jour en d\u00e9but d\u2019apr\u00e8s-midi pour d\u00e9terminer les causes exactes du d\u00e9c\u00e8s. Plusieurs hypoth\u00e8ses sont \u00e0 l\u2019\u00e9tude\u00a0: la possibilit\u00e9 que le nouveau-n\u00e9 ait succomb\u00e9 aux conditions pr\u00e9caires de l\u2019accouchement, ou l\u2019hypoth\u00e8se d\u2019un acte criminel.<\/p>\n<p>L\u2019\u00e9ventualit\u00e9 d\u2019une mort in utero n\u2019est pas \u00e9cart\u00e9e, bien que cette piste paraisse peu probable apr\u00e8s un premier examen. La garde \u00e0 vue de la m\u00e8re, profond\u00e9ment marqu\u00e9e par la soudainet\u00e9 des \u00e9v\u00e9nements, pourrait reprendre d\u00e8s la divulgation des r\u00e9sultats m\u00e9dico-l\u00e9gaux. Si une perquisition a confirm\u00e9 l\u2019accouchement au domicile familial, l\u2019identit\u00e9 du p\u00e8re demeure, \u00e0 ce stade, inconnue des enqu\u00eateurs, qui poursuivent leurs investigations.<\/p>\n","protected":false},"excerpt":{"rendered":"l&rsquo;essentiel INFO LA DEPECHE. L\u2019enqu\u00eate progresse \u00e0 Toulouse apr\u00e8s la d\u00e9couverte macabre d\u2019un nouveau-n\u00e9 dans un sac \u00e0&hellip;\n","protected":false},"author":2,"featured_media":617773,"comment_status":"","ping_status":"","sticky":false,"template":"","format":"standard","meta":{"footnotes":""},"categories":[2816],"tags":[1111,11,1777,674,118,1011,27,2722,12,2680,25,2312],"class_list":{"0":"post-617772","1":"post","2":"type-post","3":"status-publish","4":"format-standard","5":"has-post-thumbnail","7":"category-toulouse","8":"tag-actu","9":"tag-actualites","10":"tag-eu","11":"tag-europe","12":"tag-faits-divers","13":"tag-fr","14":"tag-france","15":"tag-haute-garonne","16":"tag-news","17":"tag-occitanie","18":"tag-republique-francaise","19":"tag-toulouse"},"share_on_mastodon":{"url":"https:\/\/pubeurope.com\/@fr\/115768700823307458","error":""},"_links":{"self":[{"href":"https:\/\/www.europesays.com\/fr\/wp-json\/wp\/v2\/posts\/617772","targetHints":{"allow":["GET"]}}],"collection":[{"href":"https:\/\/www.europesays.com\/fr\/wp-json\/wp\/v2\/posts"}],"about":[{"href":"https:\/\/www.europesays.com\/fr\/wp-json\/wp\/v2\/types\/post"}],"author":[{"embeddable":true,"href":"https:\/\/www.europesays.com\/fr\/wp-json\/wp\/v2\/users\/2"}],"replies":[{"embeddable":true,"href":"https:\/\/www.europesays.com\/fr\/wp-json\/wp\/v2\/comments?post=617772"}],"version-history":[{"count":0,"href":"https:\/\/www.europesays.com\/fr\/wp-json\/wp\/v2\/posts\/617772\/revisions"}],"wp:featuredmedia":[{"embeddable":true,"href":"https:\/\/www.europesays.com\/fr\/wp-json\/wp\/v2\/media\/617773"}],"wp:attachment":[{"href":"https:\/\/www.europesays.com\/fr\/wp-json\/wp\/v2\/media?parent=617772"}],"wp:term":[{"taxonomy":"category","embeddable":true,"href":"https:\/\/www.europesays.com\/fr\/wp-json\/wp\/v2\/categories?post=617772"},{"taxonomy":"post_tag","embeddable":true,"href":"https:\/\/www.europesays.com\/fr\/wp-json\/wp\/v2\/tags?post=617772"}],"curies":[{"name":"wp","href":"https:\/\/api.w.org\/{rel}","templated":true}]}}