{"id":617778,"date":"2025-12-23T11:44:16","date_gmt":"2025-12-23T11:44:16","guid":{"rendered":"https:\/\/www.europesays.com\/fr\/617778\/"},"modified":"2025-12-23T11:44:16","modified_gmt":"2025-12-23T11:44:16","slug":"que-nous-reserve-cette-2e-edition","status":"publish","type":"post","link":"https:\/\/www.europesays.com\/fr\/617778\/","title":{"rendered":"que nous r\u00e9serve cette 2e \u00e9dition ?"},"content":{"rendered":"<p>Apr\u00e8s le succ\u00e8s de <a href=\"https:\/\/www.laprovence.com\/article\/region\/55124185406421\/video-5-choses-a-savoir-sur-la-slow-fashion-week-a-marseille-levenement-mode-eco-responsable\" target=\"_blank\" rel=\"noopener\">sa premi\u00e8re \u00e9dition<\/a>, le collectif BAGA relance la Slow Fashion Week \u00e0 Marseille du 5 au 13 juin 2026. L&rsquo;an dernier, plus de 50 \u00e9v\u00e9nements, 80 cr\u00e9atrices et cr\u00e9ateurs, et 10 000 visiteurs avaient particip\u00e9 \u00e0 ce rendez-vous unique qui ambitionnait de placer Marseille sur la carte de la mode responsable en France. Avec cette deuxi\u00e8me \u00e9dition \u00e0 venir, le d\u00e9fi est \u00e9lev\u00e9.<\/p>\n<p>Que nous r\u00e9serve-t-elle ? Pour l&rsquo;heure le d\u00e9tail du programme n&rsquo;a pas encore \u00e9t\u00e9 d\u00e9voil\u00e9, puisque les candidatures pour y participer ont \u00e9t\u00e9 ouvertes au mois de novembre mais une chose est s\u00fbre : ces neuf jours seront plac\u00e9s une fois de plus sous le signe de la d\u00e9couverte et de l&rsquo;innovation autour d&rsquo;une mode inclusive et durable, toujours en opposition aux Fashion Weeks traditionnelles.<\/p>\n<p>Le public pourra explorer des cr\u00e9ations upcycl\u00e9es, des mat\u00e9riaux responsables et des innovations textiles durables au travers d&rsquo;une programmation riche de plus de 60 \u00e9v\u00e9nements.<\/p>\n<p>Encore une fois, d\u00e9fil\u00e9s, ateliers cr\u00e9atifs, pop-ups, expositions, conf\u00e9rences et portes ouvertes seront de la partie.\u00a0<\/p>\n<p><img alt=\"En 2025, l'\u00e9cole de mode engag\u00e9e et durable Studio Lausi\u00e9 avait cl\u00f4tur\u00e9 l'\u00e9v\u00e8nement au Palais du Pharo avec un d\u00e9fil\u00e9 en plein air qui avait marqu\u00e9 les esprits.\" loading=\"lazy\" decoding=\"async\" data-nimg=\"fill\" class=\" TwicCore_img__i9TC1 undefined  undefined\" style=\"position:absolute;height:100%;width:100%;left:0;top:0;right:0;bottom:0;color:transparent;background-size:cover;background-position:50% 50%;background-repeat:no-repeat;background-image:url(&quot;data:image\/svg+xml;charset=utf-8,%3Csvg xmlns='http:\/\/www.w3.org\/2000\/svg' %3E%3Cfilter id='b' color-interpolation-filters='sRGB'%3E%3CfeGaussianBlur stdDeviation='20'\/%3E%3CfeColorMatrix values='1 0 0 0 0 0 1 0 0 0 0 0 1 0 0 0 0 0 100 -1' result='s'\/%3E%3CfeFlood x='0' y='0' width='100%25' height='100%25'\/%3E%3CfeComposite operator='out' in='s'\/%3E%3CfeComposite in2='SourceGraphic'\/%3E%3CfeGaussianBlur stdDeviation='20'\/%3E%3C\/filter%3E%3Cimage width='100%25' height='100%25' x='0' y='0' preserveAspectRatio='none' style='filter: url(%23b);' href='https:\/\/pictures.laprovence.com\/cdn-cgi\/image\/blur=250\/media\/melody\/2025\/12\/23\/palais-du-pharo-a-marseille-defile-de-cloture-du-slow-fashion-week-defile-de-mode-140625nvi02-1766489603_b2b72f46d198607b72f46d1985bb72v_.jpg'\/%3E%3C\/svg%3E&quot;)\"   src=\"https:\/\/www.europesays.com\/fr\/wp-content\/uploads\/2025\/12\/palais-du-pharo-a-marseille-defile-de-cloture-du-slow-fashion-week-defile-de-mode-140625nvi02-176648.jpeg\"\/>En 2025, l&rsquo;\u00e9cole de mode engag\u00e9e et durable Studio Lausi\u00e9 avait cl\u00f4tur\u00e9 l&rsquo;\u00e9v\u00e8nement au Palais du Pharo avec un d\u00e9fil\u00e9 en plein air qui avait marqu\u00e9 les esprits. Photo Nicolas Vallauri.De nouvelles initiatives<\/p>\n<p>Cette ann\u00e9e, le collectif BAGA promet de nouvelles initiatives pour renforcer les \u00e9changes entre les cr\u00e9atrices et cr\u00e9ateurs, les institutions et les professionnels.<\/p>\n<p>Conf\u00e9rences sur les enjeux de la mode durable, accompagnement au d\u00e9veloppement de marque, showrooms destin\u00e9s aux acheteurs&#8230; le collectifs souhaite \u00ab\u00a0cr\u00e9er une r\u00e9elle valeur pour les marques repr\u00e9sent\u00e9es et le territoire.\u00a0\u00bb<\/p>\n","protected":false},"excerpt":{"rendered":"Apr\u00e8s le succ\u00e8s de sa premi\u00e8re \u00e9dition, le collectif BAGA relance la Slow Fashion Week \u00e0 Marseille du&hellip;\n","protected":false},"author":2,"featured_media":617779,"comment_status":"","ping_status":"","sticky":false,"template":"","format":"standard","meta":{"footnotes":""},"categories":[2814],"tags":[17,5734,1111,11,1777,674,15683,1011,27,2831,884,12,882,746,25,14173,21547,7680],"class_list":{"0":"post-617778","1":"post","2":"type-post","3":"status-publish","4":"format-standard","5":"has-post-thumbnail","7":"category-marseille","8":"tag-17","9":"tag-5734","10":"tag-actu","11":"tag-actualites","12":"tag-eu","13":"tag-europe","14":"tag-fashion","15":"tag-fr","16":"tag-france","17":"tag-loisirs-traditions","18":"tag-marseille","19":"tag-news","20":"tag-provence-alpes-cote-dazur","21":"tag-que","22":"tag-republique-francaise","23":"tag-revient","24":"tag-slow","25":"tag-week"},"share_on_mastodon":{"url":"https:\/\/pubeurope.com\/@fr\/115768714167632583","error":""},"_links":{"self":[{"href":"https:\/\/www.europesays.com\/fr\/wp-json\/wp\/v2\/posts\/617778","targetHints":{"allow":["GET"]}}],"collection":[{"href":"https:\/\/www.europesays.com\/fr\/wp-json\/wp\/v2\/posts"}],"about":[{"href":"https:\/\/www.europesays.com\/fr\/wp-json\/wp\/v2\/types\/post"}],"author":[{"embeddable":true,"href":"https:\/\/www.europesays.com\/fr\/wp-json\/wp\/v2\/users\/2"}],"replies":[{"embeddable":true,"href":"https:\/\/www.europesays.com\/fr\/wp-json\/wp\/v2\/comments?post=617778"}],"version-history":[{"count":0,"href":"https:\/\/www.europesays.com\/fr\/wp-json\/wp\/v2\/posts\/617778\/revisions"}],"wp:featuredmedia":[{"embeddable":true,"href":"https:\/\/www.europesays.com\/fr\/wp-json\/wp\/v2\/media\/617779"}],"wp:attachment":[{"href":"https:\/\/www.europesays.com\/fr\/wp-json\/wp\/v2\/media?parent=617778"}],"wp:term":[{"taxonomy":"category","embeddable":true,"href":"https:\/\/www.europesays.com\/fr\/wp-json\/wp\/v2\/categories?post=617778"},{"taxonomy":"post_tag","embeddable":true,"href":"https:\/\/www.europesays.com\/fr\/wp-json\/wp\/v2\/tags?post=617778"}],"curies":[{"name":"wp","href":"https:\/\/api.w.org\/{rel}","templated":true}]}}