{"id":617784,"date":"2025-12-23T11:47:16","date_gmt":"2025-12-23T11:47:16","guid":{"rendered":"https:\/\/www.europesays.com\/fr\/617784\/"},"modified":"2025-12-23T11:47:16","modified_gmt":"2025-12-23T11:47:16","slug":"explosion-dune-usine-chimique-pres-de-lyon-quelles-sont-les-regles-de-securite-des-sites-seveso","status":"publish","type":"post","link":"https:\/\/www.europesays.com\/fr\/617784\/","title":{"rendered":"Explosion d&rsquo;une usine chimique pr\u00e8s de Lyon : quelles sont les r\u00e8gles de s\u00e9curit\u00e9 des sites Seveso ?"},"content":{"rendered":"<ul class=\"jsx-862013697 ArticleChapo__List\">\n<li class=\"jsx-862013697 ArticleChapo__List_Item flex\">Une explosion dans un site industriel class\u00e9 Seveso pr\u00e8s de Lyon a fait quatre bless\u00e9s.<\/li>\n<li class=\"jsx-862013697 ArticleChapo__List_Item flex\">C&rsquo;est le deuxi\u00e8me incident de l&rsquo;ann\u00e9e dans l&rsquo;usine Elkem Silicones, \u00e0 Saint-Fons (Rh\u00f4ne).<\/li>\n<li class=\"jsx-862013697 ArticleChapo__List_Item flex\">LCI indique quelles mesures de s\u00e9curit\u00e9 ces sites Seveso doivent respecter.<\/li>\n<\/ul>\n<p data-module=\"article-paragraph\" class=\"jsx-157965717 Paragraph\">Une <a href=\"https:\/\/www.tf1info.fr\/justice-faits-divers\/rhone-au-moins-4-blesses-dans-une-explosion-dans-une-usine-chimique-pres-de-lyon-2414341.html\" target=\"_blank\" rel=\"noopener\">explosion <\/a>dans l&rsquo;usine chimique Elkem Silicones \u00e0 Saint-Fons, pr\u00e8s de Lyon, a fait quatre bless\u00e9s dont au moins deux graves lundi 22 d\u00e9cembre. Le site est class\u00e9 <a href=\"https:\/\/www.tf1info.fr\/justice-faits-divers\/gard-un-incendie-en-cours-dans-une-usine-classee-seveso-la-population-confinee-autour-du-site-2387954.html\" target=\"_blank\" rel=\"noopener\">Seveso<\/a>. Dans les images de l&rsquo;\u00e9v\u00e9nement, vu de l&rsquo;ext\u00e9rieur, on voit un \u00e9pais panache de fum\u00e9e s&rsquo;\u00e9chapper de l&rsquo;usine, comme montr\u00e9 dans la vid\u00e9o en t\u00eate de cet article. Le pr\u00e9fet a indiqu\u00e9 que des mesures ont \u00e9t\u00e9 r\u00e9alis\u00e9es, et qu&rsquo;il n&rsquo;y a \u00ab\u00a0pas de risque de toxicit\u00e9\u00a0\u00bb.<\/p>\n<p data-module=\"article-paragraph\" class=\"jsx-157965717 Paragraph Paragraph__End\">Ce n&rsquo;est pas la premi\u00e8re fois que le site est sujet \u00e0 des incidents : des vapeurs toxiques s&rsquo;\u00e9taient r\u00e9pandues dans les locaux en janvier, et en 2016, une explosion mortelle avait eu lieu.<\/p>\n<p><a href=\"https:\/\/www.tf1info.fr\/regions\/video-reportage-tf1-l-usine-va-etre-la-bas-a-languevoisin-quiquery-dans-la-somme-la-construction-d-un-site-seveso-inquiete-et-fait-debat-2405939.html\" rel=\"noopener\" class=\"jsx-3308031228 Link flex\" target=\"_blank\"><img decoding=\"async\" src=\"https:\/\/www.europesays.com\/fr\/wp-content\/uploads\/2025\/12\/cap-usiii-d6d963-0@1x.jpeg\" alt=\"TF1\" loading=\"lazy\" importance=\"low\" fetchpriority=\"low\" class=\"\" aria-hidden=\"true\"\/><\/p>\n<p class=\"jsx-3657663356 ReadMoreArticle__Title\">Lire aussi<\/p>\n<p class=\"jsx-3657663356\">\u00ab\u00a0L&rsquo;usine va \u00eatre l\u00e0-bas\u00a0\u00bb : dans la Somme, la construction d&rsquo;un site Seveso inqui\u00e8te et fait d\u00e9bat<\/p>\n<p><\/a><\/p>\n<p data-module=\"article-paragraph\" class=\"jsx-157965717 Paragraph\">Les sites class\u00e9s Seveso sont soumis \u00e0 des conditions strictes de s\u00e9curit\u00e9. En France, 1299 sites industriels sont class\u00e9s Seveso, tout seuil confondu (haut ou bas). Le seuil haut concerne les usines contenant le plus de quantit\u00e9 de mati\u00e8re dangereuse \u00e0 l&rsquo;int\u00e9rieur &#8211; ce qui est le cas de l&rsquo;usine Elkem Silicones \u00e0 Saint-Fons.\u00a0<\/p>\n<p data-module=\"article-paragraph\" class=\"jsx-157965717 Paragraph Paragraph__End\">\u00ab\u00a0Qui dit usine Seveso seuil haut, dit inspection r\u00e9guli\u00e8re au moins une fois par an. Et pour ce site en particulier, on sait qu&rsquo;entre septembre et d\u00e9cembre, il y a eu au moins trois inspections\u00a0\u00bb, explique la journaliste police-justice Marie Belot, dans la vid\u00e9o en t\u00eate de cet article. Lorsque des d\u00e9faillances sont constat\u00e9es, les amendes peuvent aller jusqu&rsquo;\u00e0 45.000 euros et le site peut \u00eatre ferm\u00e9. Mais selon Christophe Holleville, secr\u00e9taire de l&rsquo;Union des victimes de Lubrizol, certaines usines pr\u00e9f\u00e8rent \u00ab\u00a0payer des amendes que de faire r\u00e9ellement les travaux\u00a0\u00bb.<\/p>\n<p>Ga\u00eblle SHEEHAN<\/p>\n","protected":false},"excerpt":{"rendered":"Une explosion dans un site industriel class\u00e9 Seveso pr\u00e8s de Lyon a fait quatre bless\u00e9s. C&rsquo;est le deuxi\u00e8me&hellip;\n","protected":false},"author":2,"featured_media":617785,"comment_status":"","ping_status":"","sticky":false,"template":"","format":"standard","meta":{"footnotes":""},"categories":[1889],"tags":[1111,11,1921,2430,1777,674,1011,27,693,1922,6225,2428,12,25,133,6230],"class_list":{"0":"post-617784","1":"post","2":"type-post","3":"status-publish","4":"format-standard","5":"has-post-thumbnail","7":"category-lyon","8":"tag-actu","9":"tag-actualites","10":"tag-article-video","11":"tag-auvergne-rhone-alpes","12":"tag-eu","13":"tag-europe","14":"tag-fr","15":"tag-france","16":"tag-industrie","17":"tag-info","18":"tag-la-matinale","19":"tag-lyon","20":"tag-news","21":"tag-republique-francaise","22":"tag-video","23":"tag-video-sante-et-bien-etre"},"share_on_mastodon":{"url":"https:\/\/pubeurope.com\/@fr\/115768725054465375","error":""},"_links":{"self":[{"href":"https:\/\/www.europesays.com\/fr\/wp-json\/wp\/v2\/posts\/617784","targetHints":{"allow":["GET"]}}],"collection":[{"href":"https:\/\/www.europesays.com\/fr\/wp-json\/wp\/v2\/posts"}],"about":[{"href":"https:\/\/www.europesays.com\/fr\/wp-json\/wp\/v2\/types\/post"}],"author":[{"embeddable":true,"href":"https:\/\/www.europesays.com\/fr\/wp-json\/wp\/v2\/users\/2"}],"replies":[{"embeddable":true,"href":"https:\/\/www.europesays.com\/fr\/wp-json\/wp\/v2\/comments?post=617784"}],"version-history":[{"count":0,"href":"https:\/\/www.europesays.com\/fr\/wp-json\/wp\/v2\/posts\/617784\/revisions"}],"wp:featuredmedia":[{"embeddable":true,"href":"https:\/\/www.europesays.com\/fr\/wp-json\/wp\/v2\/media\/617785"}],"wp:attachment":[{"href":"https:\/\/www.europesays.com\/fr\/wp-json\/wp\/v2\/media?parent=617784"}],"wp:term":[{"taxonomy":"category","embeddable":true,"href":"https:\/\/www.europesays.com\/fr\/wp-json\/wp\/v2\/categories?post=617784"},{"taxonomy":"post_tag","embeddable":true,"href":"https:\/\/www.europesays.com\/fr\/wp-json\/wp\/v2\/tags?post=617784"}],"curies":[{"name":"wp","href":"https:\/\/api.w.org\/{rel}","templated":true}]}}