{"id":617788,"date":"2025-12-23T11:50:14","date_gmt":"2025-12-23T11:50:14","guid":{"rendered":"https:\/\/www.europesays.com\/fr\/617788\/"},"modified":"2025-12-23T11:50:14","modified_gmt":"2025-12-23T11:50:14","slug":"une-explosion-dans-un-pavillon-fait-quatre-blesses-graves-dont-trois-enfants","status":"publish","type":"post","link":"https:\/\/www.europesays.com\/fr\/617788\/","title":{"rendered":"Une explosion dans un pavillon fait quatre bless\u00e9s graves, dont trois enfants"},"content":{"rendered":"<p>On ignore pour l\u2019heure les causes du drame.<a href=\"https:\/\/www.20minutes.fr\/monde\/explosion\/\" class=\"c-link c-link--is-underlined\" target=\"_blank\" rel=\"noopener\"> Une explosion<\/a> s\u2019est produite ce mardi matin vers 8 heures 30 dans un pavillon r\u00e9sidentiel \u00e0 Magny-les-Hameaux (<a href=\"https:\/\/www.20minutes.fr\/societe\/yvelines\/\" class=\"c-link c-link--is-underlined\" target=\"_blank\" rel=\"noopener\">Yvelines<\/a>), a-t-on appris aupr\u00e8s de la pr\u00e9fecture, <a href=\"https:\/\/www.leparisien.fr\/yvelines-78\/magny-les-hameaux-explosion-dun-pavillon-67-pompiers-sur-place-23-12-2025-54KN5WZKBJGABHGIJLLQUBREKY.php\" target=\"_blank\" class=\"c-link c-link--is-underlined\" rel=\"noopener\">confirmant une information du Parisien<\/a>.<\/p>\n<p>Quatre personnes qui se trouvaient \u00e0 l\u2019int\u00e9rieur ont \u00e9t\u00e9 gravement bless\u00e9es, dont trois enfants. La victime adulte, \u00e2g\u00e9e de 39 ans, et les trois enfants \u00e2g\u00e9s de 2, 4 et 5 ans, sont en \u00e9tat \u00ab\u00a0d\u2019urgence absolue\u00a0\u00bb, ont pr\u00e9cis\u00e9 les autorit\u00e9s, qui n\u2019\u00e9taient pas en mesure de confirmer s\u2019il s\u2019agissait d\u2019une famille dans l\u2019imm\u00e9diat.<\/p>\n<p>Des d\u00e9bris projet\u00e9s sur pr\u00e8s de cent m\u00e8tres<\/p>\n<p>L\u2019explosion a projet\u00e9 des d\u00e9bris sur pr\u00e8s de cent m\u00e8tres autour de l\u2019habitation. Une cellule m\u00e9dico-psychologique a \u00e9t\u00e9 ouverte pour le voisinage, notamment pour sept personnes qui ont tent\u00e9 de porter secours aux habitants.<\/p>\n<\/p>\n<p>Un fort d\u00e9ploiement <a href=\"https:\/\/www.20minutes.fr\/dossier\/pompiers\" class=\"c-link c-link--is-underlined\" target=\"_blank\" rel=\"noopener\">de pompiers<\/a> est encore pr\u00e9sent sur les lieux, mais aucun incendie n\u2019est en cours et les recherches de potentiels autres bless\u00e9s sont achev\u00e9es.<\/p>\n","protected":false},"excerpt":{"rendered":"On ignore pour l\u2019heure les causes du drame. Une explosion s\u2019est produite ce mardi matin vers 8 heures&hellip;\n","protected":false},"author":2,"featured_media":617789,"comment_status":"","ping_status":"","sticky":false,"template":"","format":"standard","meta":{"footnotes":""},"categories":[1888],"tags":[1111,1928,47,11,1927,3348,1777,674,2688,118,658,1011,27,662,2142,12,1926,626,1925,25,1938],"class_list":{"0":"post-617788","1":"post","2":"type-post","3":"status-publish","4":"format-standard","5":"has-post-thumbnail","7":"category-paris","8":"tag-actu","9":"tag-actu-paris","10":"tag-actualite","11":"tag-actualites","12":"tag-actualites-paris","13":"tag-drame","14":"tag-eu","15":"tag-europe","16":"tag-explosion","17":"tag-faits-divers","18":"tag-faits-divers-paris","19":"tag-fr","20":"tag-france","21":"tag-ile-de-france","22":"tag-maison","23":"tag-news","24":"tag-news-paris","25":"tag-paris","26":"tag-paris-news","27":"tag-republique-francaise","28":"tag-yvelines"},"share_on_mastodon":{"url":"https:\/\/pubeurope.com\/@fr\/115768736262286208","error":""},"_links":{"self":[{"href":"https:\/\/www.europesays.com\/fr\/wp-json\/wp\/v2\/posts\/617788","targetHints":{"allow":["GET"]}}],"collection":[{"href":"https:\/\/www.europesays.com\/fr\/wp-json\/wp\/v2\/posts"}],"about":[{"href":"https:\/\/www.europesays.com\/fr\/wp-json\/wp\/v2\/types\/post"}],"author":[{"embeddable":true,"href":"https:\/\/www.europesays.com\/fr\/wp-json\/wp\/v2\/users\/2"}],"replies":[{"embeddable":true,"href":"https:\/\/www.europesays.com\/fr\/wp-json\/wp\/v2\/comments?post=617788"}],"version-history":[{"count":0,"href":"https:\/\/www.europesays.com\/fr\/wp-json\/wp\/v2\/posts\/617788\/revisions"}],"wp:featuredmedia":[{"embeddable":true,"href":"https:\/\/www.europesays.com\/fr\/wp-json\/wp\/v2\/media\/617789"}],"wp:attachment":[{"href":"https:\/\/www.europesays.com\/fr\/wp-json\/wp\/v2\/media?parent=617788"}],"wp:term":[{"taxonomy":"category","embeddable":true,"href":"https:\/\/www.europesays.com\/fr\/wp-json\/wp\/v2\/categories?post=617788"},{"taxonomy":"post_tag","embeddable":true,"href":"https:\/\/www.europesays.com\/fr\/wp-json\/wp\/v2\/tags?post=617788"}],"curies":[{"name":"wp","href":"https:\/\/api.w.org\/{rel}","templated":true}]}}