{"id":617791,"date":"2025-12-23T11:52:12","date_gmt":"2025-12-23T11:52:12","guid":{"rendered":"https:\/\/www.europesays.com\/fr\/617791\/"},"modified":"2025-12-23T11:52:12","modified_gmt":"2025-12-23T11:52:12","slug":"le-label-francais-brut-archives-ouvre-une-boutique-a-new-york-et-accelere-son-developpement-international","status":"publish","type":"post","link":"https:\/\/www.europesays.com\/fr\/617791\/","title":{"rendered":"Le label fran\u00e7ais Brut Archives ouvre une boutique \u00e0 New York et acc\u00e9l\u00e8re son d\u00e9veloppement international"},"content":{"rendered":"<p>\n                                    <b>Publi\u00e9 le<\/b><br \/>\n                                    <\/p>\n<p>                                        23 d\u00e9cembre 2025<\/p>\n<p class=\"article-content col-md-8 offset-md-1\">\n                                Brut Archives annonce l\u2019ouverture de sa deuxi\u00e8me boutique mondiale \u00e0 New York, apr\u00e8s son implantation historique \u00e0 Paris. Cette ouverture marque une nouvelle \u00e9tape dans la strat\u00e9gie de d\u00e9veloppement international de la marque.<\/p>\n<p><img decoding=\"async\" class=\"news-image\" style=\"width:100%;max-width:726px;\" src=\"https:\/\/www.europesays.com\/fr\/wp-content\/uploads\/2025\/12\/238b.jpeg\" alt=\"Boutique Brut \u00e0 New York\" loading=\"lazy\"\/>Boutique Brut \u00e0 New York &#8211; DR<\/p>\n<p>Fond\u00e9e \u00e0 Paris par Paul Ben Chemhoun, Brut Archives voit le jour en 2017 avec la cr\u00e9ation d\u2019un showroom de pi\u00e8ces vintage, exclusivement destin\u00e9 aux professionnels de l\u2019industrie de la mode. Ce premier espace r\u00e9unit une s\u00e9lection pointue d\u2019archives textiles, principalement issues du workwear, de l\u2019americana et du denim.<\/p>\n<p>En mars 2019, la marque franchit une nouvelle \u00e9tape avec l\u2019ouverture de sa premi\u00e8re boutique parisienne, situ\u00e9e au 3, rue R\u00e9aumur, dans le III\u1d49 arrondissement.\u00a0Pendant trois ans, l\u2019offre propos\u00e9e au public est exclusivement compos\u00e9e de pi\u00e8ces de seconde main et d\u2019archives vintage rares, tout en conservant une activit\u00e9 B2B \u00e0 destination des professionnels du secteur. Cette adresse devient un lieu hybride, \u00e0 la crois\u00e9e de la boutique, de l\u2019archive et de la transmission du savoir-faire textile.<\/p>\n<p class=\"col-md-8 offset-md-1 article-content--texte\">Ce n\u2019est qu\u2019en 2022 que Brut Archives op\u00e8re un tournant strat\u00e9gique majeur en mettant un terme d\u00e9finitif \u00e0 son activit\u00e9 vintage afin de se consacrer pleinement au d\u00e9veloppement de sa propre ligne de v\u00eatements.\u00a0Toute la cr\u00e9ation, ainsi que le studio de surcyclage, sont alors centralis\u00e9s \u00e0 Paris, sous la direction de Paul Ben Chemhoun, directeur g\u00e9n\u00e9ral et directeur de la cr\u00e9ation. Les collections reposent sur des mati\u00e8res brutes et durables, combinant tissus neufs et mat\u00e9riaux issus des archives, une approche devenue la signature de la marque.<\/p>\n<p>Initialement pens\u00e9e comme une marque masculine, Brut Archives s\u00e9duit aujourd\u2019hui un public f\u00e9minin de plus en plus large, gr\u00e2ce \u00e0 des pi\u00e8ces intemporelles et une vision transversale du vestiaire. La marque emploie actuellement plus de quarante personnes \u00e0 travers le monde et demeure d\u00e9tenue \u00e0 100% par son fondateur.<\/p>\n<p>Les \u00c9tats-Unis \u00e9tant devenus le premier march\u00e9 en ligne de Brut Archives, et l\u2019\u00e9nergie de New York faisant partie int\u00e9grante de son ADN, l\u2019ouverture d\u2019un point de vente dans la ville s\u2019est impos\u00e9e comme une \u00e9vidence. La boutique new-yorkaise, situ\u00e9e au 37A Orchard Street, \u00e0 proximit\u00e9 de Chinatown, d\u00e9veloppe une superficie totale d\u2019environ 144 m\u00e8tres carr\u00e9s, dont 74 m\u00e8tres carr\u00e9s d\u00e9di\u00e9s \u00e0 l\u2019espace de vente et 70 m\u00e8tres carr\u00e9s consacr\u00e9s \u00e0 la logistique. Il s\u2019agit de la deuxi\u00e8me boutique mondiale de la marque, qui distribue ses collections de mani\u00e8re volontairement exclusive, uniquement via son site internet officiel et ses deux boutiques, sans aucun r\u00e9seau wholesale.<\/p>\n<p>Brut Archives compte d\u00e9sormais deux points de vente dans le monde, \u00e0 Paris et \u00e0 New York. La marque pr\u00e9voit d\u2019atteindre un chiffre d\u2019affaires de 10 millions d\u2019euros d\u2019ici la fin de l\u2019ann\u00e9e 2025, une projection qui accompagne la structuration et l\u2019expansion internationale de la maison.\n                            <\/p>\n<p>\n                                Tous droits de reproduction et de repr\u00e9sentation r\u00e9serv\u00e9s.<br \/>\u00a9 2025 FashionNetwork.com\n                            <\/p>\n","protected":false},"excerpt":{"rendered":"Publi\u00e9 le 23 d\u00e9cembre 2025 Brut Archives annonce l\u2019ouverture de sa deuxi\u00e8me boutique mondiale \u00e0 New York, apr\u00e8s&hellip;\n","protected":false},"author":2,"featured_media":617792,"comment_status":"","ping_status":"","sticky":false,"template":"","format":"standard","meta":{"footnotes":""},"categories":[1888],"tags":[11,2424,537,2423,1777,674,1011,27,2425,985,12,2298,626,2426,2427,25,2421,2422],"class_list":{"0":"post-617791","1":"post","2":"type-post","3":"status-publish","4":"format-standard","5":"has-post-thumbnail","7":"category-paris","8":"tag-actualites","9":"tag-beaute","10":"tag-contact","11":"tag-cosmetiques","12":"tag-eu","13":"tag-europe","14":"tag-fr","15":"tag-france","16":"tag-luxe","17":"tag-mode","18":"tag-news","19":"tag-parfum","20":"tag-paris","21":"tag-professionnel","22":"tag-professionnels","23":"tag-republique-francaise","24":"tag-reseau","25":"tag-textile"},"share_on_mastodon":{"url":"https:\/\/pubeurope.com\/@fr\/115768744696992461","error":""},"_links":{"self":[{"href":"https:\/\/www.europesays.com\/fr\/wp-json\/wp\/v2\/posts\/617791","targetHints":{"allow":["GET"]}}],"collection":[{"href":"https:\/\/www.europesays.com\/fr\/wp-json\/wp\/v2\/posts"}],"about":[{"href":"https:\/\/www.europesays.com\/fr\/wp-json\/wp\/v2\/types\/post"}],"author":[{"embeddable":true,"href":"https:\/\/www.europesays.com\/fr\/wp-json\/wp\/v2\/users\/2"}],"replies":[{"embeddable":true,"href":"https:\/\/www.europesays.com\/fr\/wp-json\/wp\/v2\/comments?post=617791"}],"version-history":[{"count":0,"href":"https:\/\/www.europesays.com\/fr\/wp-json\/wp\/v2\/posts\/617791\/revisions"}],"wp:featuredmedia":[{"embeddable":true,"href":"https:\/\/www.europesays.com\/fr\/wp-json\/wp\/v2\/media\/617792"}],"wp:attachment":[{"href":"https:\/\/www.europesays.com\/fr\/wp-json\/wp\/v2\/media?parent=617791"}],"wp:term":[{"taxonomy":"category","embeddable":true,"href":"https:\/\/www.europesays.com\/fr\/wp-json\/wp\/v2\/categories?post=617791"},{"taxonomy":"post_tag","embeddable":true,"href":"https:\/\/www.europesays.com\/fr\/wp-json\/wp\/v2\/tags?post=617791"}],"curies":[{"name":"wp","href":"https:\/\/api.w.org\/{rel}","templated":true}]}}