{"id":617800,"date":"2025-12-23T11:57:16","date_gmt":"2025-12-23T11:57:16","guid":{"rendered":"https:\/\/www.europesays.com\/fr\/617800\/"},"modified":"2025-12-23T11:57:16","modified_gmt":"2025-12-23T11:57:16","slug":"le-royaume-uni-releve-le-seuil-dimposition-pour-les-agriculteurs-et-les-entreprises-apres-une-vague-de-protestations","status":"publish","type":"post","link":"https:\/\/www.europesays.com\/fr\/617800\/","title":{"rendered":"Le Royaume-Uni rel\u00e8ve le seuil d&rsquo;imposition pour les agriculteurs et les entreprises apr\u00e8s une vague de protestations"},"content":{"rendered":"<p>                    La Grande-Bretagne a annonc\u00e9 mardi qu&rsquo;elle porterait \u00e0 2,5\u00a0millions de livres (3,4\u00a0millions de dollars) le seuil cl\u00e9 de l&rsquo;abattement fiscal sur les droits de succession pour les agriculteurs et les entreprises, contre 1\u00a0million de livres auparavant, affirmant avoir pris en compte leurs pr\u00e9occupations apr\u00e8s plusieurs mois de manifestations.<\/p>\n<p>Ce seuil relev\u00e9, qui entrera en vigueur en avril\u00a02026, r\u00e9duira consid\u00e9rablement le nombre d&rsquo;exploitations agricoles et de chefs d&rsquo;entreprise confront\u00e9s \u00e0 une hausse de la facture fiscale successorale, suite \u00e0 une modification de la loi annonc\u00e9e en 2024, a pr\u00e9cis\u00e9 le gouvernement.<\/p>\n<p>(1\u00a0dollar = 0,7402\u00a0livre)<\/p>\n","protected":false},"excerpt":{"rendered":"La Grande-Bretagne a annonc\u00e9 mardi qu&rsquo;elle porterait \u00e0 2,5\u00a0millions de livres (3,4\u00a0millions de dollars) le seuil cl\u00e9 de&hellip;\n","protected":false},"author":2,"featured_media":617801,"comment_status":"","ping_status":"","sticky":false,"template":"","format":"standard","meta":{"footnotes":""},"categories":[1588],"tags":[11,340,1777,674,12,473,1853,1851,1850,1852],"class_list":{"0":"post-617800","1":"post","2":"type-post","3":"status-publish","4":"format-standard","5":"has-post-thumbnail","7":"category-royaume-uni","8":"tag-actualites","9":"tag-bourse","10":"tag-eu","11":"tag-europe","12":"tag-news","13":"tag-royaume-uni","14":"tag-royaume-uni-de-grande-bretagne-et-dirlande-du-nord","15":"tag-uk","16":"tag-united-kingdom","17":"tag-united-kingdom-of-great-britain-and-northern-ireland"},"share_on_mastodon":{"url":"https:\/\/pubeurope.com\/@fr\/115768763628737407","error":""},"_links":{"self":[{"href":"https:\/\/www.europesays.com\/fr\/wp-json\/wp\/v2\/posts\/617800","targetHints":{"allow":["GET"]}}],"collection":[{"href":"https:\/\/www.europesays.com\/fr\/wp-json\/wp\/v2\/posts"}],"about":[{"href":"https:\/\/www.europesays.com\/fr\/wp-json\/wp\/v2\/types\/post"}],"author":[{"embeddable":true,"href":"https:\/\/www.europesays.com\/fr\/wp-json\/wp\/v2\/users\/2"}],"replies":[{"embeddable":true,"href":"https:\/\/www.europesays.com\/fr\/wp-json\/wp\/v2\/comments?post=617800"}],"version-history":[{"count":0,"href":"https:\/\/www.europesays.com\/fr\/wp-json\/wp\/v2\/posts\/617800\/revisions"}],"wp:featuredmedia":[{"embeddable":true,"href":"https:\/\/www.europesays.com\/fr\/wp-json\/wp\/v2\/media\/617801"}],"wp:attachment":[{"href":"https:\/\/www.europesays.com\/fr\/wp-json\/wp\/v2\/media?parent=617800"}],"wp:term":[{"taxonomy":"category","embeddable":true,"href":"https:\/\/www.europesays.com\/fr\/wp-json\/wp\/v2\/categories?post=617800"},{"taxonomy":"post_tag","embeddable":true,"href":"https:\/\/www.europesays.com\/fr\/wp-json\/wp\/v2\/tags?post=617800"}],"curies":[{"name":"wp","href":"https:\/\/api.w.org\/{rel}","templated":true}]}}