{"id":617806,"date":"2025-12-23T12:00:14","date_gmt":"2025-12-23T12:00:14","guid":{"rendered":"https:\/\/www.europesays.com\/fr\/617806\/"},"modified":"2025-12-23T12:00:14","modified_gmt":"2025-12-23T12:00:14","slug":"lue-approuve-le-plan-de-restructuration-de-la-compagnie-aerienne-corsair-actualites","status":"publish","type":"post","link":"https:\/\/www.europesays.com\/fr\/617806\/","title":{"rendered":"L&rsquo;UE approuve le plan de restructuration de la compagnie a\u00e9rienne Corsair : Actualit\u00e9s"},"content":{"rendered":"<p class=\"lead \">La Commission europ\u00e9enne a valid\u00e9 mardi une aide de l&rsquo;Etat fran\u00e7ais de 167,8 millions d&rsquo;euros pour restructurer la compagnie a\u00e9rienne Corsair, qui attendait impatiemment ce feu vert.<\/p>\n<p class=\"lead \">Cette compagnie fran\u00e7aise dessert les territoires d&rsquo;Outre-mer et certaines capitales africaines.<\/p>\n<p class=\"lead \">Bruxelles estime que l&rsquo;aide publique de l&rsquo;Etat fran\u00e7ais de 167,8 millions d&rsquo;euros est compatible avec les r\u00e8gles de la concurrence au sein de l&rsquo;UE et \u00ab\u00a0garantit le retour de Corsair \u00e0 une viabilit\u00e9 \u00e0 long terme d&rsquo;ici la fin de la p\u00e9riode de restructuration\u00a0\u00bb, selon un communiqu\u00e9.<\/p>\n<p class=\"lead \">L&rsquo;Union europ\u00e9enne a toutefois fix\u00e9 des conditions pour limiter toute distorsion de concurrence, avec une \u00ab\u00a0r\u00e9duction des rotations de vols et la lib\u00e9ration de cr\u00e9neaux\u00a0\u00bb.<\/p>\n<p class=\"lead \">Fin 2020, dans le contexte de la crise du Covid, Bruxelles avait d\u00e9j\u00e0 approuv\u00e9 un plan de restructuration de la compagnie alors en difficult\u00e9, assorti de mesures de soutien de l&rsquo;Etat fran\u00e7ais pour un montant total de 136,9 millions d&rsquo;euros. <\/p>\n<p class=\"lead \">Mais fin 2023, la France avait revu \u00e0 la hausse son plan, ce qui n\u00e9cessitait une nouvelle validation europ\u00e9enne.<\/p>\n<p class=\"lead \">Le feu vert de l&rsquo;UE \u00e9tait tr\u00e8s attendu pour mettre en place la nouvelle configuration d&rsquo;actionnaires de la compagnie, depuis l&rsquo;annonce en septembre 2024 de l&rsquo;arriv\u00e9e du PDG du groupe agro-industriel Advens, Abbas Jaber, avec 40% du capital.<\/p>\n<p class=\"lead \">Outre M. Jaber, les autres actionnaires seront un consortium d&rsquo;entrepreneurs principalement ultramarins dont certains d\u00e9j\u00e0 pr\u00e9sents au capital (52%) et une soci\u00e9t\u00e9 d&rsquo;\u00e9conomie mixte du d\u00e9partement de la Guadeloupe (8%). <\/p>\n<p class=\"lead \">Corsair a annonc\u00e9 d\u00e9but d\u00e9cembre avoir plus que d\u00e9cupl\u00e9 son b\u00e9n\u00e9fice lors de son exercice d\u00e9cal\u00e9 2024-2025, y voyant la validation de sa strat\u00e9gie de mont\u00e9e en gamme, marqu\u00e9e par l&rsquo;acquisition de nouveaux appareils.<\/p>\n<p class=\"small font-weight-bold text-gray3 \"> publi\u00e9 le 23 d\u00e9cembre \u00e0 12h56, AFP<\/p>\n<p>                             Partager<\/p>\n","protected":false},"excerpt":{"rendered":"La Commission europ\u00e9enne a valid\u00e9 mardi une aide de l&rsquo;Etat fran\u00e7ais de 167,8 millions d&rsquo;euros pour restructurer la&hellip;\n","protected":false},"author":2,"featured_media":617807,"comment_status":"","ping_status":"","sticky":false,"template":"","format":"standard","meta":{"footnotes":""},"categories":[1586],"tags":[13790,11,7182,313,1777,674,1779,36506,590,3531,1011,27,418,12,316,25,2803,1778,364],"class_list":{"0":"post-617806","1":"post","2":"type-post","3":"status-publish","4":"format-standard","5":"has-post-thumbnail","7":"category-europe","8":"tag-conomie","9":"tag-actualites","10":"tag-aviation","11":"tag-entreprises","12":"tag-eu","13":"tag-europe","14":"tag-european-union","15":"tag-faillite","16":"tag-finance","17":"tag-financement","18":"tag-fr","19":"tag-france","20":"tag-gouvernement","21":"tag-news","22":"tag-politique","23":"tag-republique-francaise","24":"tag-transport","25":"tag-ue","26":"tag-union-europeenne"},"share_on_mastodon":{"url":"https:\/\/pubeurope.com\/@fr\/115768775390575157","error":""},"_links":{"self":[{"href":"https:\/\/www.europesays.com\/fr\/wp-json\/wp\/v2\/posts\/617806","targetHints":{"allow":["GET"]}}],"collection":[{"href":"https:\/\/www.europesays.com\/fr\/wp-json\/wp\/v2\/posts"}],"about":[{"href":"https:\/\/www.europesays.com\/fr\/wp-json\/wp\/v2\/types\/post"}],"author":[{"embeddable":true,"href":"https:\/\/www.europesays.com\/fr\/wp-json\/wp\/v2\/users\/2"}],"replies":[{"embeddable":true,"href":"https:\/\/www.europesays.com\/fr\/wp-json\/wp\/v2\/comments?post=617806"}],"version-history":[{"count":0,"href":"https:\/\/www.europesays.com\/fr\/wp-json\/wp\/v2\/posts\/617806\/revisions"}],"wp:featuredmedia":[{"embeddable":true,"href":"https:\/\/www.europesays.com\/fr\/wp-json\/wp\/v2\/media\/617807"}],"wp:attachment":[{"href":"https:\/\/www.europesays.com\/fr\/wp-json\/wp\/v2\/media?parent=617806"}],"wp:term":[{"taxonomy":"category","embeddable":true,"href":"https:\/\/www.europesays.com\/fr\/wp-json\/wp\/v2\/categories?post=617806"},{"taxonomy":"post_tag","embeddable":true,"href":"https:\/\/www.europesays.com\/fr\/wp-json\/wp\/v2\/tags?post=617806"}],"curies":[{"name":"wp","href":"https:\/\/api.w.org\/{rel}","templated":true}]}}