{"id":617811,"date":"2025-12-23T12:04:16","date_gmt":"2025-12-23T12:04:16","guid":{"rendered":"https:\/\/www.europesays.com\/fr\/617811\/"},"modified":"2025-12-23T12:04:16","modified_gmt":"2025-12-23T12:04:16","slug":"quatre-blesses-graves-dont-trois-enfants","status":"publish","type":"post","link":"https:\/\/www.europesays.com\/fr\/617811\/","title":{"rendered":"quatre bless\u00e9s graves dont trois enfants"},"content":{"rendered":"<p style=\"text-align:justify;\">AA \/ Istanbul \/ Seyma Erkul Dayanc<\/p>\n<p style=\"text-align:justify;\">Une explosion s\u2019est produite mardi matin dans un pavillon r\u00e9sidentiel dans les Yvelines, faisant quatre bless\u00e9s graves, dont trois enfants \u00e2g\u00e9s de 2, 4 et 5 ans, a indiqu\u00e9 la pr\u00e9fecture des Yvelines, confirmant des informations relay\u00e9es par les m\u00e9dias locaux.<\/p>\n<p style=\"text-align:justify;\">Selon la pr\u00e9fecture, la victime adulte, \u00e2g\u00e9e de 39 ans, et les trois enfants sont en \u00e9tat d\u2019\u00ab urgence absolue \u00bb. Les quatre bless\u00e9s habitaient le pavillon, mais il n\u2019a pas \u00e9t\u00e9 pr\u00e9cis\u00e9 s\u2019il s\u2019agissait d\u2019une m\u00eame famille. L\u2019explosion, survenue vers 8h30, a projet\u00e9 des d\u00e9bris sur pr\u00e8s de 100 m\u00e8tres autour du b\u00e2timent.<\/p>\n<p style=\"text-align:justify;\">La maison, partag\u00e9e en deux appartements, a \u00e9t\u00e9 compl\u00e8tement d\u00e9truite, rapporte Le Parisien, quotidien fran\u00e7ais, pr\u00e9cisant que l\u2019un des logements \u00e9tait vide et l\u2019autre abritait les victimes. Pr\u00e8s de 70 pompiers ont \u00e9t\u00e9 d\u00e9p\u00each\u00e9s sur place, un p\u00e9rim\u00e8tre de s\u00e9curit\u00e9 a \u00e9t\u00e9 mis en place et le gaz a \u00e9t\u00e9 coup\u00e9 dans toute la ville, ainsi que l\u2019\u00e9lectricit\u00e9 dans les habitations les plus proches.<\/p>\n<p style=\"text-align:justify;\">La pr\u00e9fecture a indiqu\u00e9 qu\u2019\u00ab une cellule m\u00e9dico-psychologique a \u00e9t\u00e9 ouverte pour le voisinage, notamment pour sept personnes qui ont tent\u00e9 de porter secours aux habitants \u00bb.<\/p>\n<p style=\"text-align:justify;\">Le maire Bertrand Houillon (DVG) a salu\u00e9 \u00ab un acte de courage impressionnant \u00bb des habitants venus porter secours, tout en demandant aux riverains de ne pas se rendre sur place pour permettre aux secours de travailler sereinement.<\/p>\n<p style=\"text-align:justify;\">Un voisin a racont\u00e9 : \u00ab J\u2019ai entendu une \u00e9norme d\u00e9flagration. J\u2019ai tout de suite su que c\u2019\u00e9tait le gaz. J\u2019ai accueilli les trois enfants qui \u00e9taient br\u00fbl\u00e9s chez moi. Le plus \u00e2g\u00e9 demandait sa m\u00e8re. Il se demandait o\u00f9 ils allaient habiter maintenant. \u00bb<\/p>\n<p style=\"text-align:justify;\">D\u2019autres t\u00e9moins ont d\u00e9crit le bruit de l\u2019explosion comme un \u00ab gros boum \u00bb et certains ont observ\u00e9 des \u00e9tincelles derri\u00e8re la rue Vincent Van Gogh.<\/p>\n<p style=\"text-align:justify;\">Les recherches de potentiels autres bless\u00e9s sont termin\u00e9es et aucun incendie n\u2019\u00e9tait en cours au moment du bilan. Une enqu\u00eate a \u00e9t\u00e9 ouverte pour d\u00e9terminer les causes de cette explosion.<\/p>\n<p>                            &#13;<br \/>\n                                <a href=\"https:\/\/www.aa.com.tr\/fr\/p\/abonnement\/1001\" target=\"_blank\" style=\"font-size:12px; color:#444; text-decoration:none;\" rel=\"noopener\">&#13;<br \/>\n                                    Seulement une partie des d\u00e9p\u00eaches, que l&rsquo;Agence Anadolu diffuse \u00e0 ses abonn\u00e9s via le Syst\u00e8me de Diffusion interne (HAS), est diffus\u00e9e sur le site de l&rsquo;AA, de mani\u00e8re r\u00e9sum\u00e9e. <b style=\"color:#1897F7\">Contactez-nous s&rsquo;il vous pla\u00eet pour vous abonner.<\/b>&#13;<br \/>\n                                <\/a>&#13;<\/p>\n","protected":false},"excerpt":{"rendered":"AA \/ Istanbul \/ Seyma Erkul Dayanc Une explosion s\u2019est produite mardi matin dans un pavillon r\u00e9sidentiel dans&hellip;\n","protected":false},"author":2,"featured_media":617812,"comment_status":"","ping_status":"","sticky":false,"template":"","format":"standard","meta":{"footnotes":""},"categories":[4],"tags":[11,1785,2688,1011,27,12,25,1938],"class_list":{"0":"post-617811","1":"post","2":"type-post","3":"status-publish","4":"format-standard","5":"has-post-thumbnail","7":"category-france","8":"tag-actualites","9":"tag-anadolu-ajansi","10":"tag-explosion","11":"tag-fr","12":"tag-france","13":"tag-news","14":"tag-republique-francaise","15":"tag-yvelines"},"share_on_mastodon":{"url":"https:\/\/pubeurope.com\/@fr\/115768791075053823","error":""},"_links":{"self":[{"href":"https:\/\/www.europesays.com\/fr\/wp-json\/wp\/v2\/posts\/617811","targetHints":{"allow":["GET"]}}],"collection":[{"href":"https:\/\/www.europesays.com\/fr\/wp-json\/wp\/v2\/posts"}],"about":[{"href":"https:\/\/www.europesays.com\/fr\/wp-json\/wp\/v2\/types\/post"}],"author":[{"embeddable":true,"href":"https:\/\/www.europesays.com\/fr\/wp-json\/wp\/v2\/users\/2"}],"replies":[{"embeddable":true,"href":"https:\/\/www.europesays.com\/fr\/wp-json\/wp\/v2\/comments?post=617811"}],"version-history":[{"count":0,"href":"https:\/\/www.europesays.com\/fr\/wp-json\/wp\/v2\/posts\/617811\/revisions"}],"wp:featuredmedia":[{"embeddable":true,"href":"https:\/\/www.europesays.com\/fr\/wp-json\/wp\/v2\/media\/617812"}],"wp:attachment":[{"href":"https:\/\/www.europesays.com\/fr\/wp-json\/wp\/v2\/media?parent=617811"}],"wp:term":[{"taxonomy":"category","embeddable":true,"href":"https:\/\/www.europesays.com\/fr\/wp-json\/wp\/v2\/categories?post=617811"},{"taxonomy":"post_tag","embeddable":true,"href":"https:\/\/www.europesays.com\/fr\/wp-json\/wp\/v2\/tags?post=617811"}],"curies":[{"name":"wp","href":"https:\/\/api.w.org\/{rel}","templated":true}]}}