{"id":617813,"date":"2025-12-23T12:07:12","date_gmt":"2025-12-23T12:07:12","guid":{"rendered":"https:\/\/www.europesays.com\/fr\/617813\/"},"modified":"2025-12-23T12:07:12","modified_gmt":"2025-12-23T12:07:12","slug":"transferts-international-pressenti-du-cote-du-japon-siya-kolisi-sengage-avec-les-stormers","status":"publish","type":"post","link":"https:\/\/www.europesays.com\/fr\/617813\/","title":{"rendered":"Transferts. International \u2013 Pressenti du c\u00f4t\u00e9 du Japon, Siya Kolisi s\u2019engage avec les Stormers"},"content":{"rendered":"<p>\n                Alors qu\u2019un transfert au Japon \u00e9tait dans les tuyaux, Siya Kolisi va finalement rester en Afrique du Sud. Le capitaine des Springboks s\u2019est engag\u00e9 avec les Stormers.\n            <\/p>\n<p>Le patron reste \u00e0 la maison\u00a0! Siya Kolisi ne s\u2019envolera donc pas au Japon. Le capitaine des doubles champions du monde s\u2019est engag\u00e9 avec les Stormers \u00e0 partir de la saison prochaine. \u00c0 34 ans, l\u2019ancien du Racing 92 va retourner dans le club de ses d\u00e9buts Il a d\u00e9j\u00e0 disput\u00e9 89 rencontres avec la franchise du Cap entre\u00a02013 et\u00a02020.<\/p>\n<p>Retour \u00e0 la maison<\/p>\n<p>\u00ab\u00a0Je garde des souvenirs incroyables de mon passage chez les DHL Stormers\u00a0; l\u2019accueil chaleureux des supporters durant mes ann\u00e9es de formation ne m\u2019a jamais quitt\u00e9\u00a0\u00bb, a expliqu\u00e9 Siya Kolisi qui justifie notamment ce choix par\u00a0des raisons familiales. \u00ab\u00a0Ma famille vit au Cap et il est important pour moi d\u2019\u00eatre pr\u00e8s d\u2019elle. Ce transfert me donne l\u2019opportunit\u00e9 de le faire tout en rendant la pareille \u00e0 l\u2019\u00e9quipe et aux supporters qui ont tant contribu\u00e9 \u00e0 faire de moi le joueur et la personne que je suis aujourd\u2019hui.\u00a0\u00bb<\/p>\n<p>En restant en Afrique du Sud, Kolisi pr\u00e9pare au mieux<strong><a href=\"https:\/\/www.rugbyrama.fr\/rugby-a-xv\/coupe-du-monde\/\" target=\"_self\" rel=\"noopener\"> la Coupe du monde 2027 en Australie<\/a><\/strong>. Il rejoint \u00e9galement de nombreux cadres Boks que sont Frans Malherbe, Cobus Reinach, Sacha Feinberg-Mngomezulu ou encore Damian Willemse.<\/p>\n","protected":false},"excerpt":{"rendered":"Alors qu\u2019un transfert au Japon \u00e9tait dans les tuyaux, Siya Kolisi va finalement rester en Afrique du Sud.&hellip;\n","protected":false},"author":2,"featured_media":617814,"comment_status":"","ping_status":"","sticky":false,"template":"","format":"standard","meta":{"footnotes":""},"categories":[1416],"tags":[1011,27,479,1468,45224,60,10662],"class_list":{"0":"post-617813","1":"post","2":"type-post","3":"status-publish","4":"format-standard","5":"has-post-thumbnail","7":"category-rugby","8":"tag-fr","9":"tag-france","10":"tag-rugby","11":"tag-rugby-football","12":"tag-siya-kolisi","13":"tag-sports","14":"tag-transferts"},"share_on_mastodon":{"url":"https:\/\/pubeurope.com\/@fr\/115768802966928039","error":""},"_links":{"self":[{"href":"https:\/\/www.europesays.com\/fr\/wp-json\/wp\/v2\/posts\/617813","targetHints":{"allow":["GET"]}}],"collection":[{"href":"https:\/\/www.europesays.com\/fr\/wp-json\/wp\/v2\/posts"}],"about":[{"href":"https:\/\/www.europesays.com\/fr\/wp-json\/wp\/v2\/types\/post"}],"author":[{"embeddable":true,"href":"https:\/\/www.europesays.com\/fr\/wp-json\/wp\/v2\/users\/2"}],"replies":[{"embeddable":true,"href":"https:\/\/www.europesays.com\/fr\/wp-json\/wp\/v2\/comments?post=617813"}],"version-history":[{"count":0,"href":"https:\/\/www.europesays.com\/fr\/wp-json\/wp\/v2\/posts\/617813\/revisions"}],"wp:featuredmedia":[{"embeddable":true,"href":"https:\/\/www.europesays.com\/fr\/wp-json\/wp\/v2\/media\/617814"}],"wp:attachment":[{"href":"https:\/\/www.europesays.com\/fr\/wp-json\/wp\/v2\/media?parent=617813"}],"wp:term":[{"taxonomy":"category","embeddable":true,"href":"https:\/\/www.europesays.com\/fr\/wp-json\/wp\/v2\/categories?post=617813"},{"taxonomy":"post_tag","embeddable":true,"href":"https:\/\/www.europesays.com\/fr\/wp-json\/wp\/v2\/tags?post=617813"}],"curies":[{"name":"wp","href":"https:\/\/api.w.org\/{rel}","templated":true}]}}