{"id":617815,"date":"2025-12-23T12:08:11","date_gmt":"2025-12-23T12:08:11","guid":{"rendered":"https:\/\/www.europesays.com\/fr\/617815\/"},"modified":"2025-12-23T12:08:11","modified_gmt":"2025-12-23T12:08:11","slug":"atp-alcaraz-confirme-sa-participation-a-une-nouvelle-exhibition-tres-lucrative-son-agent-debarrasse-de-ferrero-ne-chome-pas","status":"publish","type":"post","link":"https:\/\/www.europesays.com\/fr\/617815\/","title":{"rendered":"ATP > Alcaraz confirme sa participation \u00e0 une nouvelle exhibition tr\u00e8s lucrative, son agent, d\u00e9barrass\u00e9 de Ferrero, ne ch\u00f4me pas"},"content":{"rendered":"<p>Dans la g\u00eane, il y a pas de plaisir\u2026<\/p>\n<p>Alors que la s\u00e9pa\u00adra\u00adtion est tout juste \u00ab\u202fconsum\u00e9e\u202f\u00bb entre Ferrero et Alcaraz, voila que l\u2019or\u00adga\u00adni\u00adsa\u00adtion d\u2019une exhi\u00adbi\u00adtion au Br\u00e9sil entre Alcaraz et Fonseca a \u00e9t\u00e9 offi\u00adcia\u00adlis\u00e9e. Elle aura lieu le 12 D\u00e9cembre 2026.<\/p>\n<blockquote class=\"twitter-tweet\">\n<p lang=\"pt\" dir=\"ltr\">Alcaraz and Fonseca to play in a foot\u00adball stadium next year in S\u00e3o Paulo. <a href=\"https:\/\/t.co\/aU95iKw2fb\" data-wpel-link=\"external\" target=\"_blank\" rel=\"nofollow external noopener\">pic.twitter.com\/aU95iKw2fb<\/a><\/p>\n<p>\u2014 Jos\u00e9 Morgado (@josemorgado) <a href=\"https:\/\/twitter.com\/josemorgado\/status\/2003155050739441780?ref_src=twsrc%5Etfw\" data-wpel-link=\"external\" target=\"_blank\" rel=\"nofollow external noopener\">December 22,\u00a02025<\/a><\/p><\/blockquote>\n<p>On se sait pas si cette annonce a \u00e9t\u00e9 faite pour tr\u00e8s vite ouvrir la billet\u00adterie ou pour mettre les points sur les I mais il faut bien avouer qu\u2019an\u00adnoncer ce type d\u2019\u00e9v\u00e8\u00adne\u00adment en ce moment et pr\u00e8s d\u2019un an avant l\u2019\u00e9ch\u00e9ance est presque un aveu de la part du clan de Carlitos.\u00a0<\/p>\n<p class=\"post-published-date\" style=\"color: silver; font-size: 75%; text-align: left;\">Publi\u00e9 le mardi 23 d\u00e9cembre 2025 \u00e0 09:29<\/p>\n<p>  <script async src=\"https:\/\/platform.twitter.com\/widgets.js\" charset=\"utf-8\"><\/script><\/p>\n","protected":false},"excerpt":{"rendered":"Dans la g\u00eane, il y a pas de plaisir\u2026 Alors que la s\u00e9pa\u00adra\u00adtion est tout juste \u00ab\u202fconsum\u00e9e\u202f\u00bb entre&hellip;\n","protected":false},"author":2,"featured_media":617816,"comment_status":"","ping_status":"","sticky":false,"template":"","format":"standard","meta":{"footnotes":""},"categories":[1415],"tags":[1744,7275,1011,27,60,1467],"class_list":{"0":"post-617815","1":"post","2":"type-post","3":"status-publish","4":"format-standard","5":"has-post-thumbnail","7":"category-tennis","8":"tag-alcaraz","9":"tag-ferrero","10":"tag-fr","11":"tag-france","12":"tag-sports","13":"tag-tennis"},"share_on_mastodon":{"url":"https:\/\/pubeurope.com\/@fr\/115768806812355903","error":""},"_links":{"self":[{"href":"https:\/\/www.europesays.com\/fr\/wp-json\/wp\/v2\/posts\/617815","targetHints":{"allow":["GET"]}}],"collection":[{"href":"https:\/\/www.europesays.com\/fr\/wp-json\/wp\/v2\/posts"}],"about":[{"href":"https:\/\/www.europesays.com\/fr\/wp-json\/wp\/v2\/types\/post"}],"author":[{"embeddable":true,"href":"https:\/\/www.europesays.com\/fr\/wp-json\/wp\/v2\/users\/2"}],"replies":[{"embeddable":true,"href":"https:\/\/www.europesays.com\/fr\/wp-json\/wp\/v2\/comments?post=617815"}],"version-history":[{"count":0,"href":"https:\/\/www.europesays.com\/fr\/wp-json\/wp\/v2\/posts\/617815\/revisions"}],"wp:featuredmedia":[{"embeddable":true,"href":"https:\/\/www.europesays.com\/fr\/wp-json\/wp\/v2\/media\/617816"}],"wp:attachment":[{"href":"https:\/\/www.europesays.com\/fr\/wp-json\/wp\/v2\/media?parent=617815"}],"wp:term":[{"taxonomy":"category","embeddable":true,"href":"https:\/\/www.europesays.com\/fr\/wp-json\/wp\/v2\/categories?post=617815"},{"taxonomy":"post_tag","embeddable":true,"href":"https:\/\/www.europesays.com\/fr\/wp-json\/wp\/v2\/tags?post=617815"}],"curies":[{"name":"wp","href":"https:\/\/api.w.org\/{rel}","templated":true}]}}